{"id":33083,"date":"2025-02-19T20:46:30","date_gmt":"2025-02-19T20:46:30","guid":{"rendered":"https:\/\/247stiri.ro\/index.php\/2025\/02\/19\/seful-cancelariei-lui-bolojan-recunoaste-romania-nu-are-contacte-la-washington-e-un-pic-mai-complicat\/"},"modified":"2025-02-19T20:46:30","modified_gmt":"2025-02-19T20:46:30","slug":"seful-cancelariei-lui-bolojan-recunoaste-romania-nu-are-contacte-la-washington-e-un-pic-mai-complicat","status":"publish","type":"post","link":"https:\/\/247stiri.ro\/index.php\/2025\/02\/19\/seful-cancelariei-lui-bolojan-recunoaste-romania-nu-are-contacte-la-washington-e-un-pic-mai-complicat\/","title":{"rendered":"\u0218eful cancelariei lui Bolojan recunoa\u0219te: Rom\u00e2nia nu are contacte la Washington. \u201eE un pic mai complicat!\u201d"},"content":{"rendered":"<p>Vom avea contacte la nivelul administra\u021biei preziden\u021biale, al Ministerului de Externe \u00een Europa&#8230; demersurile sunt \u00een desf\u0103\u0219urare\u201d, a explicat Cristian Diaconescu, coordonatorul Cancelariei pre\u0219edintelui interimar al Rom\u00e2niei, miercuri seara, la un post TV.<\/p>\n<p>El a mai spus c\u0103, printre altele, emisarii rom\u00e2ni vor acorda aten\u021bie unor \u021b\u0103ri europene precum Polonia, Turcia \u0219i Republica Moldova. De asemenea, diploma\u021bii rom\u00e2ni caut\u0103 contacte la nivel \u00eenalt cu noua conducere din\u00a0SUA.<\/p>\n<p>\u201e\u0218i la Washington suntem \u00een contact, acolo s-a schimbat conducerea&#8230; este pu\u021bin mai complicat dec\u00e2t \u00eenainte. (&#8230;) Vrem s\u0103 trimitem c\u00e2t mai aproape de nivelul decizional\u201d, a explicat Cristian Diaconescu.<\/p>\n<p>Pre\u0219edintele interimar al Rom\u00e2niei, Ilie Bolojan, s-a aflat miercuri la Paris unde s-a \u00eent\u00e2lnit cu pre\u0219edintele francez Emmanuel Macron. Totodat\u0103, Bolojan a participat la o \u00eent\u00e2lnire cu mai mul\u021bi lideri europeni dedicat\u0103 Ucrainei \u0219i securit\u0103\u021bii europene.<\/p>","protected":false},"excerpt":{"rendered":"<p>Vom avea contacte la nivelul administra\u021biei preziden\u021biale, al Ministerului de Externe \u00een Europa&#8230; demersurile sunt&hellip;<\/p>\n","protected":false},"author":0,"featured_media":33079,"comment_status":"open","ping_status":"open","sticky":false,"template":"","format":"standard","meta":{"footnotes":""},"categories":[2],"tags":[],"class_list":["post-33083","post","type-post","status-publish","format-standard","has-post-thumbnail","hentry","category-actual"],"_links":{"self":[{"href":"https:\/\/247stiri.ro\/index.php\/wp-json\/wp\/v2\/posts\/33083","targetHints":{"allow":["GET"]}}],"collection":[{"href":"https:\/\/247stiri.ro\/index.php\/wp-json\/wp\/v2\/posts"}],"about":[{"href":"https:\/\/247stiri.ro\/index.php\/wp-json\/wp\/v2\/types\/post"}],"replies":[{"embeddable":true,"href":"https:\/\/247stiri.ro\/index.php\/wp-json\/wp\/v2\/comments?post=33083"}],"version-history":[{"count":0,"href":"https:\/\/247stiri.ro\/index.php\/wp-json\/wp\/v2\/posts\/33083\/revisions"}],"wp:featuredmedia":[{"embeddable":true,"href":"https:\/\/247stiri.ro\/index.php\/wp-json\/wp\/v2\/media\/33079"}],"wp:attachment":[{"href":"https:\/\/247stiri.ro\/index.php\/wp-json\/wp\/v2\/media?parent=33083"}],"wp:term":[{"taxonomy":"category","embeddable":true,"href":"https:\/\/247stiri.ro\/index.php\/wp-json\/wp\/v2\/categories?post=33083"},{"taxonomy":"post_tag","embeddable":true,"href":"https:\/\/247stiri.ro\/index.php\/wp-json\/wp\/v2\/tags?post=33083"}],"curies":[{"name":"wp","href":"https:\/\/api.w.org\/{rel}","templated":true}]}}