{"id":33084,"date":"2025-02-19T20:46:30","date_gmt":"2025-02-19T20:46:30","guid":{"rendered":"https:\/\/247stiri.ro\/index.php\/2025\/02\/19\/jd-vance-amenintari-grave-la-adresa-lui-zelenski-va-regreta-ca-l-a-vorbit-de-rau-pe-trump\/"},"modified":"2025-02-19T20:46:30","modified_gmt":"2025-02-19T20:46:30","slug":"jd-vance-amenintari-grave-la-adresa-lui-zelenski-va-regreta-ca-l-a-vorbit-de-rau-pe-trump","status":"publish","type":"post","link":"https:\/\/247stiri.ro\/index.php\/2025\/02\/19\/jd-vance-amenintari-grave-la-adresa-lui-zelenski-va-regreta-ca-l-a-vorbit-de-rau-pe-trump\/","title":{"rendered":"JD Vance, amenin\u021b\u0103ri grave la adresa lui Zelenski: \u201dVa regreta c\u0103 l-a vorbit de r\u0103u pe Trump\u201d"},"content":{"rendered":"<p>Vance a vorbit \u00eentr-un interviu cu o publica\u021bie interna\u021bional\u0103, dup\u0103 ce pre\u0219edintele ucrainean Volodomyr Zelensky l-a acuzat pe Trump c\u0103 tr\u0103ie\u0219te \u00eentr-un &#8222;spa\u021biu de dezinformare&#8221; rusesc.<\/p>\n<p>At\u00e2t Ucraina, c\u00e2t \u0219i SUA arunc\u0103 cu cuvinte grele \u00eentr-un moment de cotitur\u0103 al r\u0103zboiului dintre Ucraina \u0219i Rusia, \u00een timp ce pre\u0219edintele Trump face presiuni pentru o rezolvare rapid\u0103.<\/p>\n<p>&#8222;Ideea c\u0103 Zelenski ar putea s\u0103-l fac\u0103 pe pre\u0219edinte s\u0103 se r\u0103zg\u00e2ndeasc\u0103 prin a-l vorbi de r\u0103u \u00een public&#8230; Oricine \u00eel cunoa\u0219te pe pre\u0219edinte v\u0103 va spune c\u0103 asta e un fel extrem de prost de a gestiona rela\u021bia cu aceast\u0103 administa\u021bie\u201d, a spus Vance.<\/p>\n<p>Vance a spus c\u0103 Zelenski a primit &#8222;sfaturi proaste&#8221; despre cum s\u0103 se comporte cu noua administra\u021bie. De asemenea, spune Vance, \u00een ultimii trei ani i \u201es-a spus c\u0103 nu poate face nimic gre\u0219it\u201d.<\/p>\n<p>&#8222;Evident c\u0103 iubim poporul ucrainean. Admir\u0103m curajul solda\u021bilor, dar credem c\u0103 acest r\u0103zboi trebuie s\u0103 se \u00eencheie rapid&#8221;, a continuat el.<\/p>\n<p>&#8222;Aceasta este politica pre\u0219edintelui Statelor Unite. Nu se bazeaz\u0103 pe dezinformarea rus\u0103. Se bazeaz\u0103 pe faptul c\u0103 Donald Trump, cred, \u0219tie multe despre geopolitic\u0103 \u0219i are o viziune foarte puternic\u0103, \u0219i a avut o viziune puternic\u0103 de foarte mult timp&#8221;.<\/p>","protected":false},"excerpt":{"rendered":"<p>Vance a vorbit \u00eentr-un interviu cu o publica\u021bie interna\u021bional\u0103, dup\u0103 ce pre\u0219edintele ucrainean Volodomyr Zelensky&hellip;<\/p>\n","protected":false},"author":0,"featured_media":33085,"comment_status":"open","ping_status":"open","sticky":false,"template":"","format":"standard","meta":{"footnotes":""},"categories":[2],"tags":[],"class_list":["post-33084","post","type-post","status-publish","format-standard","has-post-thumbnail","hentry","category-actual"],"_links":{"self":[{"href":"https:\/\/247stiri.ro\/index.php\/wp-json\/wp\/v2\/posts\/33084","targetHints":{"allow":["GET"]}}],"collection":[{"href":"https:\/\/247stiri.ro\/index.php\/wp-json\/wp\/v2\/posts"}],"about":[{"href":"https:\/\/247stiri.ro\/index.php\/wp-json\/wp\/v2\/types\/post"}],"replies":[{"embeddable":true,"href":"https:\/\/247stiri.ro\/index.php\/wp-json\/wp\/v2\/comments?post=33084"}],"version-history":[{"count":0,"href":"https:\/\/247stiri.ro\/index.php\/wp-json\/wp\/v2\/posts\/33084\/revisions"}],"wp:featuredmedia":[{"embeddable":true,"href":"https:\/\/247stiri.ro\/index.php\/wp-json\/wp\/v2\/media\/33085"}],"wp:attachment":[{"href":"https:\/\/247stiri.ro\/index.php\/wp-json\/wp\/v2\/media?parent=33084"}],"wp:term":[{"taxonomy":"category","embeddable":true,"href":"https:\/\/247stiri.ro\/index.php\/wp-json\/wp\/v2\/categories?post=33084"},{"taxonomy":"post_tag","embeddable":true,"href":"https:\/\/247stiri.ro\/index.php\/wp-json\/wp\/v2\/tags?post=33084"}],"curies":[{"name":"wp","href":"https:\/\/api.w.org\/{rel}","templated":true}]}}