{"id":33113,"date":"2025-02-20T06:50:17","date_gmt":"2025-02-20T06:50:17","guid":{"rendered":"https:\/\/247stiri.ro\/index.php\/2025\/02\/20\/zelenski-il-critica-dur-pe-donald-trump-traieste-intr-o-bula-a-dezinformarii-ruse\/"},"modified":"2025-02-20T06:50:17","modified_gmt":"2025-02-20T06:50:17","slug":"zelenski-il-critica-dur-pe-donald-trump-traieste-intr-o-bula-a-dezinformarii-ruse","status":"publish","type":"post","link":"https:\/\/247stiri.ro\/index.php\/2025\/02\/20\/zelenski-il-critica-dur-pe-donald-trump-traieste-intr-o-bula-a-dezinformarii-ruse\/","title":{"rendered":"Zelenski \u00eel critic\u0103 dur pe Donald Trump: Tr\u0103ie\u0219te \u00eentr-o bul\u0103 a dezinform\u0103rii ruse"},"content":{"rendered":"<p>&#8222;Dac\u0103 cineva vrea s\u0103 m\u0103 \u00eenlocuiasc\u0103 chiar acum, pur \u0219i simplu nu va func\u021biona. Asta a\u0219 spune. Iar \u00een ceea ce prive\u0219te aceast\u0103 poveste cu \u201e4%\u201d \u2013 am v\u0103zut aceast\u0103 dezinformare, \u00een\u021belegem c\u0103 vine din Rusia \u0219i avem dovezi c\u0103 aceste cifre sunt discutate \u00eentre America \u0219i Rusia. Din p\u0103cate, pre\u0219edintele Trump \u2013 pe care \u00eel respect\u0103m ca lider al unei na\u021biuni pe care o admir\u0103m foarte mult iar poporul american care ne-a sprijinit constant, tr\u0103ie\u0219te \u00een acest spa\u021biu al dezinform\u0103rii.<\/p>\n<p><a href=\"https:\/\/www.realitatea.net\/stiri\/actual\/jd-vance-amenintari-grave-la-adresa-lui-zelenski-va-regreta-ca-la-vorbit-de-rau-pe-trump_67b6356f769c6b044f09aed2\" target=\"_blank\">JD Vance, amenin\u021b\u0103ri grave la adresa lui Zelenski: \u201dVa regreta c\u0103 l-a vorbit de r\u0103u pe Trump\u201d<\/a><\/p>\n<p>Cred c\u0103 Statele Unite l-au ajutat pe Putin s\u0103 ias\u0103 din izolarea de ani de zile. Mi-a\u0219 dori s\u0103 v\u0103d mai mult adev\u0103r din partea echipei lui Trump pentru c\u0103 toate acestea, f\u0103r\u0103 \u00eendoial\u0103, nu au un impact pozitiv asupra Ucrainei. Ceea ce fac ei este s\u0103-l scoat\u0103 pe Putin din izolare. Cred c\u0103 Putin \u0219i ru\u0219ii sunt foarte bucuro\u0219i c\u0103 se discut\u0103 cu ei. Iar ieri au fost deja semnale despre cum ei ar fi victimele. Asta e ceva nou&#8221;, a declarat Volodimir Zelenski.\u00a0<\/p>\n<p>\u00a0<\/p>\n<p>\u00a0<\/p>","protected":false},"excerpt":{"rendered":"<p>&#8222;Dac\u0103 cineva vrea s\u0103 m\u0103 \u00eenlocuiasc\u0103 chiar acum, pur \u0219i simplu nu va func\u021biona. Asta&hellip;<\/p>\n","protected":false},"author":0,"featured_media":33114,"comment_status":"open","ping_status":"open","sticky":false,"template":"","format":"standard","meta":{"footnotes":""},"categories":[4],"tags":[],"class_list":["post-33113","post","type-post","status-publish","format-standard","has-post-thumbnail","hentry","category-extern"],"_links":{"self":[{"href":"https:\/\/247stiri.ro\/index.php\/wp-json\/wp\/v2\/posts\/33113","targetHints":{"allow":["GET"]}}],"collection":[{"href":"https:\/\/247stiri.ro\/index.php\/wp-json\/wp\/v2\/posts"}],"about":[{"href":"https:\/\/247stiri.ro\/index.php\/wp-json\/wp\/v2\/types\/post"}],"replies":[{"embeddable":true,"href":"https:\/\/247stiri.ro\/index.php\/wp-json\/wp\/v2\/comments?post=33113"}],"version-history":[{"count":0,"href":"https:\/\/247stiri.ro\/index.php\/wp-json\/wp\/v2\/posts\/33113\/revisions"}],"wp:featuredmedia":[{"embeddable":true,"href":"https:\/\/247stiri.ro\/index.php\/wp-json\/wp\/v2\/media\/33114"}],"wp:attachment":[{"href":"https:\/\/247stiri.ro\/index.php\/wp-json\/wp\/v2\/media?parent=33113"}],"wp:term":[{"taxonomy":"category","embeddable":true,"href":"https:\/\/247stiri.ro\/index.php\/wp-json\/wp\/v2\/categories?post=33113"},{"taxonomy":"post_tag","embeddable":true,"href":"https:\/\/247stiri.ro\/index.php\/wp-json\/wp\/v2\/tags?post=33113"}],"curies":[{"name":"wp","href":"https:\/\/api.w.org\/{rel}","templated":true}]}}