{"id":33119,"date":"2025-02-20T06:50:20","date_gmt":"2025-02-20T06:50:20","guid":{"rendered":"https:\/\/247stiri.ro\/index.php\/2025\/02\/20\/cristian-diaconescu-dezminte-faptul-ca-romania-nu-va-mai-beneficia-de-garantiile-de-securitate-din-partea-sua-si-nato-2\/"},"modified":"2025-02-20T06:50:20","modified_gmt":"2025-02-20T06:50:20","slug":"cristian-diaconescu-dezminte-faptul-ca-romania-nu-va-mai-beneficia-de-garantiile-de-securitate-din-partea-sua-si-nato-2","status":"publish","type":"post","link":"https:\/\/247stiri.ro\/index.php\/2025\/02\/20\/cristian-diaconescu-dezminte-faptul-ca-romania-nu-va-mai-beneficia-de-garantiile-de-securitate-din-partea-sua-si-nato-2\/","title":{"rendered":"Cristian Diaconescu dezminte faptul c\u0103 Rom\u00e2nia nu va mai beneficia de garan\u021biile de securitate din partea SUA \u0219i NATO"},"content":{"rendered":"<p>\u201e\u00cen 2022, \u00een momentul \u00een care a avut loc ofensiva \u00een Ucraina, \u00een pachetul de propuneri pentru a opri ofensiva, Vladimir Putin a cerut ca NATO s\u0103 \u00ee\u0219i retrag\u0103 garan\u021biile de securitate pe aliniamentul din 1997, ceea ce \u00eensemna practic c\u0103 noi statele venite din comunism, care intraser\u0103m \u00een NATO, s\u0103 nu mai beneficiem de garan\u021biile de securitate.\u201d, a declarat \u0219eful Cancelariei Preziden\u021biale, Cristian Diaconescu.<\/p>\n<p>\u00centrebat dac\u0103 la negocierile din aceste zile, dintre SUA \u0219i Rusia ar fi existat pe mas\u0103 aceast\u0103 cerere, de a nu mai beneficia garan\u021biile de securitate din partea SUA \u0219i NATO, Diaconescu neag\u0103 vehement, spun\u00e2nd c\u0103 e vorba de un pachet de negociere din 2022.<\/p>\n<p>\u201eEste un pachet de negociere din 2022 care nu a ajuns la o finalitate, de altfel \u0219i privind statele Baltice, Bulgaria, Ungaria, exist\u0103 o solicitare similar\u0103.\u201d\u00a0<\/p>\n<p>\u201eCeea ce am spus la un alt post de televiziune a fost faptul c\u0103 aceast\u0103 solicitare nu a fost acceptat\u0103 sub nicio form\u0103 nici de americani \u0219i \u00een mod evident nici de europeni, nici atunci \u0219i nici acum, ceea ce este o \u0219tire bun\u0103.\u201d<\/p>\n<p>\u00centrebat de faptul c\u0103 Rom\u00e2nia nu are contacte cu administra\u021bia Trump, Diaconescu a negat acest lucru, spun\u00e2nd c\u0103 Rom\u00e2nia are contacte cu administra\u021bia de la Washington, ad\u0103ug\u00e2nd faptul c\u0103 \u201enu am ajuns la nivelul unui dialog de substan\u021b\u0103 care presupune un nivel corespunz\u0103tor\u201d.<\/p>\n<p>\u201eProblemele sunt extrem de grave, vor urm\u0103 dialoguri bilaterale \u0219i to\u021bi suntem interesa\u021bi c\u0103 aceste dialoguri s\u0103 fie de nivel \u0219i s\u0103 aib\u0103 un r\u0103spuns privind interesele de ast\u0103zi.\u201d, a conchis Cristian Diaconescu.<\/p>","protected":false},"excerpt":{"rendered":"<p>\u201e\u00cen 2022, \u00een momentul \u00een care a avut loc ofensiva \u00een Ucraina, \u00een pachetul de&hellip;<\/p>\n","protected":false},"author":0,"featured_media":33087,"comment_status":"open","ping_status":"open","sticky":false,"template":"","format":"standard","meta":{"footnotes":""},"categories":[3],"tags":[],"class_list":["post-33119","post","type-post","status-publish","format-standard","has-post-thumbnail","hentry","category-politica"],"_links":{"self":[{"href":"https:\/\/247stiri.ro\/index.php\/wp-json\/wp\/v2\/posts\/33119","targetHints":{"allow":["GET"]}}],"collection":[{"href":"https:\/\/247stiri.ro\/index.php\/wp-json\/wp\/v2\/posts"}],"about":[{"href":"https:\/\/247stiri.ro\/index.php\/wp-json\/wp\/v2\/types\/post"}],"replies":[{"embeddable":true,"href":"https:\/\/247stiri.ro\/index.php\/wp-json\/wp\/v2\/comments?post=33119"}],"version-history":[{"count":0,"href":"https:\/\/247stiri.ro\/index.php\/wp-json\/wp\/v2\/posts\/33119\/revisions"}],"wp:featuredmedia":[{"embeddable":true,"href":"https:\/\/247stiri.ro\/index.php\/wp-json\/wp\/v2\/media\/33087"}],"wp:attachment":[{"href":"https:\/\/247stiri.ro\/index.php\/wp-json\/wp\/v2\/media?parent=33119"}],"wp:term":[{"taxonomy":"category","embeddable":true,"href":"https:\/\/247stiri.ro\/index.php\/wp-json\/wp\/v2\/categories?post=33119"},{"taxonomy":"post_tag","embeddable":true,"href":"https:\/\/247stiri.ro\/index.php\/wp-json\/wp\/v2\/tags?post=33119"}],"curies":[{"name":"wp","href":"https:\/\/api.w.org\/{rel}","templated":true}]}}