{"id":33121,"date":"2025-02-20T06:50:21","date_gmt":"2025-02-20T06:50:21","guid":{"rendered":"https:\/\/247stiri.ro\/index.php\/2025\/02\/20\/ce-pedeapsa-a-primit-preotul-care-s-a-urcat-beat-la-volan-dupa-ce-a-baut-vinul-de-la-praznic\/"},"modified":"2025-02-20T06:50:21","modified_gmt":"2025-02-20T06:50:21","slug":"ce-pedeapsa-a-primit-preotul-care-s-a-urcat-beat-la-volan-dupa-ce-a-baut-vinul-de-la-praznic","status":"publish","type":"post","link":"https:\/\/247stiri.ro\/index.php\/2025\/02\/20\/ce-pedeapsa-a-primit-preotul-care-s-a-urcat-beat-la-volan-dupa-ce-a-baut-vinul-de-la-praznic\/","title":{"rendered":"Ce pedeaps\u0103 a primit preotul care s-a urcat beat la volan dup\u0103 ce a b\u0103ut vinul de la praznic\u00a0"},"content":{"rendered":"<p>Preotul Ovidiu Ungureanu, parohul de la G\u00e2rceni, a fost condamnat \u00een dosarul \u00een care a fost judecat pentru conducere sub influen\u021ba b\u0103uturilor alcoolice.<\/p>\n<p>Judec\u0103toria Vaslui a dispus condamnarea lui la un an de \u00eenchisoare, \u00eens\u0103 a suspendat executarea. Totu\u0219i, preotul va trebui s\u0103 respecte o serie de obliga\u021bii timp de doi ani, s\u0103 urmeze un program de reintegrare social\u0103 \u0219i s\u0103 efectueze 60 de zile de munc\u0103 \u00een folosul comunit\u0103\u021bii la prim\u0103ria sau la \u0219coala din G\u00e2rceni.<\/p>\n<p>\u201eDoar o pedeaps\u0103 just\u0103 \u0219i propor\u021bional\u0103 este de natur\u0103 s\u0103 creeze aptitudinea subiectiv\u0103 a inculpatului de a se corija \u0219i elibera de deprinderile antisociale care l-au antrenat pe calea s\u0103v\u00e2r\u0219irii de infrac\u021biuni. Pentru aceste motive, av\u00e2nd \u00een vedere fapta inculpatului, prin modul \u0219i \u00eemprejur\u0103rile \u00een care a fost comis\u0103, instan\u021ba apreciaz\u0103 c\u0103 aplicarea unei pedepse este oportun\u0103 \u0219i necesar\u0103 pentru reeducarea inculpatului, raportat la gravitatea faptei comise\u201d, a motivat judec\u0103torul. \u00a0<\/p>\n<p><a href=\"https:\/\/www.realitatea.net\/stiri\/extern\/preot-acuzat-ca-a-folosit-banii-enoriasilor-vulnerabili-in-scopuri-personale-ia-achizitioant-amantei-mai-multe-case-si-o-masina_6793553fbbae0a508876ae96\" target=\"_blank\">Preot, acuzat c\u0103 a folosit banii enoria\u0219ilor vulnerabili \u00een scopuri personale. I-a achizi\u021bioant amantei mai multe case \u0219i o ma\u0219in\u0103<\/a><\/p>\n<p>Potrivit presei locale, instan\u021ba a indicat \u0219i valoarea mare a alcoolemiei preotului, de aproape 2 la mie, \u00een momentul \u00een care a fost oprit de poli\u021bi\u0219ti.<\/p>\n<p>Ini\u021bial, p\u0103rintele Ungureanu le-ar fi spus agen\u021bilor c\u0103 a oficiat slujba la biserica din sat, iar la finalul a participat la mai multe pomeniri, unde a servit c\u00e2teva pahare cu vin. Aproximativ un litru, a indicat preotul.<\/p>\n<p>Ulterior, \u0219i-a schimbat declara\u021bia. \u201ePrecizez faptul c\u0103 eu nu am consumat niciun fel de alimente \u00een ziua respectiv\u0103 \u0219i c\u0103 nu am m\u00e2ncat nici la pomenire\u201d, a declarat preotul la audieri.<\/p>","protected":false},"excerpt":{"rendered":"<p>Preotul Ovidiu Ungureanu, parohul de la G\u00e2rceni, a fost condamnat \u00een dosarul \u00een care a&hellip;<\/p>\n","protected":false},"author":0,"featured_media":33122,"comment_status":"open","ping_status":"open","sticky":false,"template":"","format":"standard","meta":{"footnotes":""},"categories":[2],"tags":[],"class_list":["post-33121","post","type-post","status-publish","format-standard","has-post-thumbnail","hentry","category-actual"],"_links":{"self":[{"href":"https:\/\/247stiri.ro\/index.php\/wp-json\/wp\/v2\/posts\/33121","targetHints":{"allow":["GET"]}}],"collection":[{"href":"https:\/\/247stiri.ro\/index.php\/wp-json\/wp\/v2\/posts"}],"about":[{"href":"https:\/\/247stiri.ro\/index.php\/wp-json\/wp\/v2\/types\/post"}],"replies":[{"embeddable":true,"href":"https:\/\/247stiri.ro\/index.php\/wp-json\/wp\/v2\/comments?post=33121"}],"version-history":[{"count":0,"href":"https:\/\/247stiri.ro\/index.php\/wp-json\/wp\/v2\/posts\/33121\/revisions"}],"wp:featuredmedia":[{"embeddable":true,"href":"https:\/\/247stiri.ro\/index.php\/wp-json\/wp\/v2\/media\/33122"}],"wp:attachment":[{"href":"https:\/\/247stiri.ro\/index.php\/wp-json\/wp\/v2\/media?parent=33121"}],"wp:term":[{"taxonomy":"category","embeddable":true,"href":"https:\/\/247stiri.ro\/index.php\/wp-json\/wp\/v2\/categories?post=33121"},{"taxonomy":"post_tag","embeddable":true,"href":"https:\/\/247stiri.ro\/index.php\/wp-json\/wp\/v2\/tags?post=33121"}],"curies":[{"name":"wp","href":"https:\/\/api.w.org\/{rel}","templated":true}]}}