{"id":33139,"date":"2025-02-20T07:45:01","date_gmt":"2025-02-20T07:45:01","guid":{"rendered":"https:\/\/247stiri.ro\/index.php\/2025\/02\/20\/george-simion-suna-mobilizarea-premierul-nordis-trebuie-sa-plece-zeci-de-mii-de-romani-au-semnat-pentru-invalidarea-guvernului-ciolacu-2\/"},"modified":"2025-02-20T07:45:01","modified_gmt":"2025-02-20T07:45:01","slug":"george-simion-suna-mobilizarea-premierul-nordis-trebuie-sa-plece-zeci-de-mii-de-romani-au-semnat-pentru-invalidarea-guvernului-ciolacu-2","status":"publish","type":"post","link":"https:\/\/247stiri.ro\/index.php\/2025\/02\/20\/george-simion-suna-mobilizarea-premierul-nordis-trebuie-sa-plece-zeci-de-mii-de-romani-au-semnat-pentru-invalidarea-guvernului-ciolacu-2\/","title":{"rendered":"George Simion sun\u0103 mobilizarea: &#8222;Premierul NORDIS trebuie s\u0103 plece!&#8221; Zeci de mii de rom\u00e2ni au semnat pentru invalidarea Guvernului Ciolacu 2"},"content":{"rendered":"<p>Dac\u0103 USR nu vrea s\u0103 \u00eel dea jos pe co-autorul Nordis \u0219i al loviturii de stat, v\u0103 rog pe voi s\u0103 semna\u021bi \u0219i s\u0103 o facem, scrie George Simion, liderul suverani\u0219tilor, \u00eentr-o postare pe Facebook.<\/p>\n\n<p>&#8222;Premierul NORDIS trebuie s\u0103 plece, rom\u00e2nii s-au s\u0103turat de umilin\u021b\u0103! Oamenii nu mai pot \u00eendura prea mult timp umilin\u021bele \u0219i b\u0103taia de joc la care \u00eei supune un guvern ilegitim, condus de un premier compromis moral, care a fost impus de un pre\u0219edinte care a demisionat. Prin mo\u021biunea de cenzur\u0103 guvernul Ciolacu 2 va pleca acas\u0103&#8221;, anun\u021b\u0103 AUR.<\/p>\n<p>Potrivit Alian\u021bei pentru Unirea Rom\u00e2nilor, Marcel Ciolacu \u0219i-a pierdut credibilitatea \u0219i \u00eentreg guvernul este ilegitim.\u00a0<\/p>\n<p>&#8222;Acest guvern este lipsit de orice urm\u0103 de legitimitate, fiind de fapt o prelungire abuziv\u0103 a unui regim respins categoric de cet\u0103\u021beni. Klaus Iohannis a plecat de la Palatul Cotroceni, iar urmarea fireasc\u0103 este ca guvernul pe care l-a impus s\u0103 plece de la Palatul Victoria&#8221;, spune AUR.<\/p>\n<p>&#8222;Campania de intimidare a cet\u0103\u021benilor critici la adresa politicilor guvernamentale prin descinderi ale Poli\u021biei la domiciliile acestora este inacceptabil\u0103 \u00eentr-o societate democratic\u0103. Rom\u00e2nii \u0219i-au c\u00e2\u0219tigat la Revolu\u021bie dreptul la liber\u0103 exprimare \u0219i doar un guvern dictatorial \u00eel \u00eencalc\u0103.Pentru toate aceste motive, guvernul abuziv condus de premierul Nordis trebuie s\u0103 plece acas\u0103! AUR scap\u0103 Rom\u00e2nia de acest guvern toxic&#8221;, mai spun reprezentan\u021bii AUR.\u00a0<\/p>\n<p>\u00a0<\/p>","protected":false},"excerpt":{"rendered":"<p>Dac\u0103 USR nu vrea s\u0103 \u00eel dea jos pe co-autorul Nordis \u0219i al loviturii de&hellip;<\/p>\n","protected":false},"author":0,"featured_media":33140,"comment_status":"open","ping_status":"open","sticky":false,"template":"","format":"standard","meta":{"footnotes":""},"categories":[3],"tags":[],"class_list":["post-33139","post","type-post","status-publish","format-standard","has-post-thumbnail","hentry","category-politica"],"_links":{"self":[{"href":"https:\/\/247stiri.ro\/index.php\/wp-json\/wp\/v2\/posts\/33139","targetHints":{"allow":["GET"]}}],"collection":[{"href":"https:\/\/247stiri.ro\/index.php\/wp-json\/wp\/v2\/posts"}],"about":[{"href":"https:\/\/247stiri.ro\/index.php\/wp-json\/wp\/v2\/types\/post"}],"replies":[{"embeddable":true,"href":"https:\/\/247stiri.ro\/index.php\/wp-json\/wp\/v2\/comments?post=33139"}],"version-history":[{"count":0,"href":"https:\/\/247stiri.ro\/index.php\/wp-json\/wp\/v2\/posts\/33139\/revisions"}],"wp:featuredmedia":[{"embeddable":true,"href":"https:\/\/247stiri.ro\/index.php\/wp-json\/wp\/v2\/media\/33140"}],"wp:attachment":[{"href":"https:\/\/247stiri.ro\/index.php\/wp-json\/wp\/v2\/media?parent=33139"}],"wp:term":[{"taxonomy":"category","embeddable":true,"href":"https:\/\/247stiri.ro\/index.php\/wp-json\/wp\/v2\/categories?post=33139"},{"taxonomy":"post_tag","embeddable":true,"href":"https:\/\/247stiri.ro\/index.php\/wp-json\/wp\/v2\/tags?post=33139"}],"curies":[{"name":"wp","href":"https:\/\/api.w.org\/{rel}","templated":true}]}}