{"id":33225,"date":"2025-02-20T10:50:13","date_gmt":"2025-02-20T10:50:13","guid":{"rendered":"https:\/\/247stiri.ro\/index.php\/2025\/02\/20\/video-protest-al-angajatilor-cnair-in-fata-ministerului-de-finante-suntem-in-pragul-unui-dezastru-rutier-si-social\/"},"modified":"2025-02-20T10:50:13","modified_gmt":"2025-02-20T10:50:13","slug":"video-protest-al-angajatilor-cnair-in-fata-ministerului-de-finante-suntem-in-pragul-unui-dezastru-rutier-si-social","status":"publish","type":"post","link":"https:\/\/247stiri.ro\/index.php\/2025\/02\/20\/video-protest-al-angajatilor-cnair-in-fata-ministerului-de-finante-suntem-in-pragul-unui-dezastru-rutier-si-social\/","title":{"rendered":"VIDEO. Protest al angaja\u021bilor CNAIR \u00een fa\u021ba Ministerului de Finan\u021be. \u201eSuntem \u00een pragul unui dezastru rutier \u0219i social\u201d"},"content":{"rendered":"<p>Ace\u0219tia sus\u021bin c\u0103 &#8216;suntem \u00een pragul unui dezastru rutier \u0219i social&#8217;, c\u0103 se desfiin\u021beaz\u0103 Agen\u021biile de Control \u0219i \u00cencasare (ACI), f\u0103r\u0103 a pune nimic \u00een loc, vehiculele supradimensionate &#8216;circul\u0103 f\u0103r\u0103 control, distrug\u00e2nd drumurile&#8217;, drepturile salaria\u021bilor sunt \u00eenc\u0103lcate, iar negocierile colective sunt blocate.Totodat\u0103, ei transmit, printr-o postare pe pagina de Facebook a Blocului Na\u021bional Sindical c\u0103 nu vor permite concedieri colective \u0219i nu vor accepta &#8216;haosul legislativ care love\u0219te \u00een angaja\u021bi \u0219i infrastructur\u0103&#8217; \u0219i, dac\u0103 nu se iau m\u0103suri rapide, vor bloca activitatea \u0219i vor protesta \u00een toat\u0103 \u021bara.<\/p>\n\n<p>Potrivit BNS, o delega\u021bie a protestatarilor a fost invitat\u0103 la discu\u021bii la Guvernul Rom\u00e2niei\u00a0pentru\u00a0ora\u00a013:00.<\/p>\n<p><a title=\"Angajatii CFR, pentru a doua zi in strada. Zeci de oameni protesteaza in fata Ministerului Transporturilor\" href=\"https:\/\/www.realitatea.net\/stiri\/actual\/angajatii-cfr-pentru-a-doua-zi-in-strada-zeci-de-oameni-protesteaza-in-fata-ministerului-transporturilor_67b44bf3571b595ff855c0de\">Angaja\u021bii CFR, pentru a doua zi \u00een strad\u0103. Zeci de oameni protesteaz\u0103 \u00een fa\u021ba Ministerului Transporturilor<\/a>\u00centr-un comunicat transmis \u00een urm\u0103 cu dou\u0103 zile, sindicali\u0219tii din CNAIR anun\u021baser\u0103 c\u0103 protesteaz\u0103 pe motiv c\u0103 desfiin\u021barea Agen\u021biilor de Control \u0219i \u00cencasare (ACI), lipsa unui control al vehiculelor care nu respect\u0103 masele \u0219i dimensiunile maxime admise, distrugerea negocierilor colective \u0219i \u00eenc\u0103lcarea drepturilor salaria\u021bilor sunt atacuri directe la siguran\u021ba infrastructurii rutiere \u0219i la angaja\u021bii care o \u00eentre\u021bin.&#8217;Guvernan\u021bi, opri\u021bi distrugerea drumurilor \u0219i atacul asupra angaja\u021bilor CNAIR! Suntem \u00een pragul unui dezastru rutier \u0219i social! Desfiin\u021barea Agen\u021biilor de Control \u0219i \u00cencasare (ACI), lipsa unui control al vehiculelor care nu respect\u0103 masele \u0219i dimensiunile maxime admise, distrugerea negocierilor colective \u0219i \u00eenc\u0103lcarea drepturilor salaria\u021bilor sunt atacuri directe la siguran\u021ba infrastructurii rutiere \u0219i la angaja\u021bii care o \u00eentre\u021bin! CNAIR este sabotat\u0103 din interior, iar noi nu vom sta cu m\u00e2inile \u00een s\u00e2n! Pe 20 februarie, angaja\u021bii CNAIR SA ies \u00een strad\u0103! Dac\u0103 guvernan\u021bii nu iau m\u0103suri rapide, vom bloca activitatea \u0219i vom protesta \u00een toat\u0103 \u021bara! Nu vom permite ca drumurile Rom\u00e2niei s\u0103 fie distruse, iar angaja\u021bii care le \u00eentre\u021bin s\u0103 fie transforma\u021bi \u00een sclavi! Legea nr. 296\/2023, OUG 156\/2024 \u0219i lipsa modific\u0103rii legisla\u021biei specifice dup\u0103 intrarea \u00een Schengen sunt doar parte din problem\u0103!&#8217;, se ar\u0103ta \u00een comunicat.Sindicali\u0219tii reclam\u0103 lipsa adapt\u0103rii legisla\u021biei specifice dup\u0103 intrarea \u00een Schengen \u0219i disponibiliz\u0103rile de personal care urmeaz\u0103 s\u0103 aib\u0103 loc dup\u0103 desfiin\u021barea Agen\u021biilor de Control \u0219i \u00cencas\u0103ri (ACI).<\/p>\n<p><a title=\"Angajatii Transelectrica ies in strada. Noi PROTESTE fata de ordonanta austeritatii\" href=\"https:\/\/www.realitatea.net\/stiri\/actual\/angajatii-transelectrica-ies-in-strada-noi-proteste-fata-de-ordonanta-austeritatii_67b6c5e8f582be4777721ef2\">Angaja\u021bii Transelectrica ies \u00een strad\u0103. Noi PROTESTE fa\u021b\u0103 de ordonan\u021ba austerit\u0103\u021bii<\/a><\/p>","protected":false},"excerpt":{"rendered":"<p>Ace\u0219tia sus\u021bin c\u0103 &#8216;suntem \u00een pragul unui dezastru rutier \u0219i social&#8217;, c\u0103 se desfiin\u021beaz\u0103 Agen\u021biile&hellip;<\/p>\n","protected":false},"author":0,"featured_media":33226,"comment_status":"open","ping_status":"open","sticky":false,"template":"","format":"standard","meta":{"footnotes":""},"categories":[2],"tags":[],"class_list":["post-33225","post","type-post","status-publish","format-standard","has-post-thumbnail","hentry","category-actual"],"_links":{"self":[{"href":"https:\/\/247stiri.ro\/index.php\/wp-json\/wp\/v2\/posts\/33225","targetHints":{"allow":["GET"]}}],"collection":[{"href":"https:\/\/247stiri.ro\/index.php\/wp-json\/wp\/v2\/posts"}],"about":[{"href":"https:\/\/247stiri.ro\/index.php\/wp-json\/wp\/v2\/types\/post"}],"replies":[{"embeddable":true,"href":"https:\/\/247stiri.ro\/index.php\/wp-json\/wp\/v2\/comments?post=33225"}],"version-history":[{"count":0,"href":"https:\/\/247stiri.ro\/index.php\/wp-json\/wp\/v2\/posts\/33225\/revisions"}],"wp:featuredmedia":[{"embeddable":true,"href":"https:\/\/247stiri.ro\/index.php\/wp-json\/wp\/v2\/media\/33226"}],"wp:attachment":[{"href":"https:\/\/247stiri.ro\/index.php\/wp-json\/wp\/v2\/media?parent=33225"}],"wp:term":[{"taxonomy":"category","embeddable":true,"href":"https:\/\/247stiri.ro\/index.php\/wp-json\/wp\/v2\/categories?post=33225"},{"taxonomy":"post_tag","embeddable":true,"href":"https:\/\/247stiri.ro\/index.php\/wp-json\/wp\/v2\/tags?post=33225"}],"curies":[{"name":"wp","href":"https:\/\/api.w.org\/{rel}","templated":true}]}}