{"id":33242,"date":"2025-02-20T11:44:56","date_gmt":"2025-02-20T11:44:56","guid":{"rendered":"https:\/\/247stiri.ro\/index.php\/2025\/02\/20\/urmarit-penal-in-dosarul-mineriadei-adrian-sarbu-isi-testeaza-candidatura-la-prezidentiale\/"},"modified":"2025-02-20T11:44:56","modified_gmt":"2025-02-20T11:44:56","slug":"urmarit-penal-in-dosarul-mineriadei-adrian-sarbu-isi-testeaza-candidatura-la-prezidentiale","status":"publish","type":"post","link":"https:\/\/247stiri.ro\/index.php\/2025\/02\/20\/urmarit-penal-in-dosarul-mineriadei-adrian-sarbu-isi-testeaza-candidatura-la-prezidentiale\/","title":{"rendered":"Urm\u0103rit penal \u00een Dosarul Mineriadei, Adrian S\u00e2rbu \u00ee\u0219i testeaz\u0103 candidatura la preziden\u021biale"},"content":{"rendered":"<p>Omul de afaceri Adrian S\u00e2rbu \u00ee\u0219i testeaz\u0103 o eventual\u0103 candidatur\u0103 la preziden\u021biale pe se site-urile unde mai este ac\u021bionar, \u00een contextul \u00een care, la Tribunaul Bucure\u0219ti, s-a reluat procedura de camer\u0103 preliminar\u0103 \u00een dosarul de evaziune fiscal\u0103 la Mediafax Group. S\u00e2rbu a avut termen la Tribunalul Bucure\u0219ti pe data de 18 Februarie, \u00eens\u0103 procesul a debutat cu am\u00e2nare, urm\u0103torul termen fiind 18 martie.<\/p>\n\n<p>\u201dE\u015fti de acord ca Adrian S\u00e2rbu s\u0103 fie candidatul t\u0103u la Pre\u015fedin\u0163ia Rom\u00e2niei, la alegerile de pe 4 mai?\u201d, este \u00eentrebarea adresat\u0103 cititorilor pe site-ul Aleph News \u0219i Ziarul Financiar, unde S\u00e2rbu este ac\u021bionar.<\/p>\n\n<p>\u00a0<\/p>\n<p>Adrian S\u00e2rbu este urm\u0103rit penal \u0219i \u00een Dosarul Mineriadei din 13 \u2013 15 iunie 1990, sub aspectul s\u0103v\u00e2r\u0219irii de infrac\u021biuni contra umanit\u0103\u021bii.\u00a0<\/p>\n<p><a href=\"https:\/\/www.realitatea.net\/stiri\/justitie\/adrian-sarbu-si-miron-cozma-chemati-la-parchet-in-dosarul-mineriadei-infractiuni-contra-umanitatii_6789e848d40de23f4508a479\" target=\"_blank\">Miron Cozma \u015fi Adrian S\u00e2rbu, URM\u0102RI\u021aI PENAL \u00een Dosarul Mineriadei, pentru infrac\u0163iuni contra umanit\u0103\u0163ii<\/a><\/p>","protected":false},"excerpt":{"rendered":"<p>Omul de afaceri Adrian S\u00e2rbu \u00ee\u0219i testeaz\u0103 o eventual\u0103 candidatur\u0103 la preziden\u021biale pe se site-urile&hellip;<\/p>\n","protected":false},"author":0,"featured_media":33243,"comment_status":"open","ping_status":"open","sticky":false,"template":"","format":"standard","meta":{"footnotes":""},"categories":[3],"tags":[],"class_list":["post-33242","post","type-post","status-publish","format-standard","has-post-thumbnail","hentry","category-politica"],"_links":{"self":[{"href":"https:\/\/247stiri.ro\/index.php\/wp-json\/wp\/v2\/posts\/33242","targetHints":{"allow":["GET"]}}],"collection":[{"href":"https:\/\/247stiri.ro\/index.php\/wp-json\/wp\/v2\/posts"}],"about":[{"href":"https:\/\/247stiri.ro\/index.php\/wp-json\/wp\/v2\/types\/post"}],"replies":[{"embeddable":true,"href":"https:\/\/247stiri.ro\/index.php\/wp-json\/wp\/v2\/comments?post=33242"}],"version-history":[{"count":0,"href":"https:\/\/247stiri.ro\/index.php\/wp-json\/wp\/v2\/posts\/33242\/revisions"}],"wp:featuredmedia":[{"embeddable":true,"href":"https:\/\/247stiri.ro\/index.php\/wp-json\/wp\/v2\/media\/33243"}],"wp:attachment":[{"href":"https:\/\/247stiri.ro\/index.php\/wp-json\/wp\/v2\/media?parent=33242"}],"wp:term":[{"taxonomy":"category","embeddable":true,"href":"https:\/\/247stiri.ro\/index.php\/wp-json\/wp\/v2\/categories?post=33242"},{"taxonomy":"post_tag","embeddable":true,"href":"https:\/\/247stiri.ro\/index.php\/wp-json\/wp\/v2\/tags?post=33242"}],"curies":[{"name":"wp","href":"https:\/\/api.w.org\/{rel}","templated":true}]}}