{"id":33261,"date":"2025-02-20T12:45:16","date_gmt":"2025-02-20T12:45:16","guid":{"rendered":"https:\/\/247stiri.ro\/index.php\/2025\/02\/20\/donald-trump-si-putin-se-vor-intalni-in-cateva-zile-pacea-din-ucraina-pe-muchie-de-cutit\/"},"modified":"2025-02-20T12:45:16","modified_gmt":"2025-02-20T12:45:16","slug":"donald-trump-si-putin-se-vor-intalni-in-cateva-zile-pacea-din-ucraina-pe-muchie-de-cutit","status":"publish","type":"post","link":"https:\/\/247stiri.ro\/index.php\/2025\/02\/20\/donald-trump-si-putin-se-vor-intalni-in-cateva-zile-pacea-din-ucraina-pe-muchie-de-cutit\/","title":{"rendered":"Donald Trump \u0219i Putin se vor \u00eent\u00e2lni \u00een c\u00e2teva zile. Pacea din Ucraina, pe muchie de cu\u021bit"},"content":{"rendered":"<p>Totul dup\u0103 ce pre\u0219edintele american l-a criticat aspru pe pre\u0219edintele Ucrainei, numindu-l dictator \u0219i un simplu actor care a declan\u0219at un r\u0103zboi. \u00cen acela\u0219i timp, Putin \u0219i Trump ar urma s\u0103 se \u00eent\u00e2lneasc\u0103 \u00een zilele urm\u0103toare.\u00a0<\/p>\n<p>Ce urmeaz\u0103 dup\u0103 SUMMITUL de la Paris<\/p>\n<p>Pre\u0219edintele Fran\u021bei <a href=\"https:\/\/www.realitatea.net\/stiri\/actual\/revolta-in-tabara-republicanilor-dupa-declaratiile-lui-trump-dle-presedinte-nu-ucraina-a-inceput-acest-razboi_67b710ec36de325ad86668b3\" target=\"_blank\">este a\u0219teptat la Casa Alb\u0103<\/a> la \u00eenceputul s\u0103pt\u0103m\u00e2nii viitoare. \u00cen acela\u0219i timp, Marea Britanie \u0219i Fran\u021ba pl\u0103nuiesc trimiterea a 30 de mii de militari \u00een Ucraina pentru a proteja \u021bara, \u00een cazul \u00een care Rusia va accepta \u00eencetarea focului. Acesta va fi \u0219i unul dintre subiectele discutate de pre\u0219edintele Fran\u021bei cu Trump.<\/p>\n<p>Purt\u0103torul de cuv\u00e2nt al Kremlinului a declarat c\u0103 Putin \u0219i Donald Trump s-ar putea \u00eent\u00e2lni p\u00e2n\u0103 la finalul lunii februarie. Dmitri Peskov a spus c\u0103 discu\u021biile dintre delega\u021bia american\u0103 \u0219i delega\u021bia rus\u0103 de la Riad au reprezentat \u201eun pas foarte important\u201d pentru a ajunge la o \u00een\u021belegere cu privire la r\u0103zboiul din Ucraina.<\/p>\n<p>\u00cen urm\u0103 cu c\u00e2teva ore, Donald Trump \u0219i Zelenski \u0219i-au aruncat replici \u00eengrijor\u0103toare, dup\u0103 \u00eent\u00e2lnirea de la Riad \u00eentre delega\u021bii americani \u0219i cei ru\u0219i.<\/p>\n<p><a href=\"https:\/\/www.realitatea.net\/stiri\/politica\/ce-urmareste-trump-analistului-de-politica-externa-dan-dungaciu-analiza-momentului-la-realitatea-plus_67b6ccd5c3989407487fba97\" target=\"_blank\">Dup\u0103 criticile lui Donald Trump<\/a>, \u0219i Parisul a reac\u021bionat \u0219i a r\u0103spuns atacurilor. \u201eAfirma\u021biile pun sub semnul \u00eentreb\u0103rii coeren\u021ba pozi\u021biei americane\u201d, a spus purt\u0103toarea de cuv\u00e2nt a guvernului francez.\u00a0<\/p>","protected":false},"excerpt":{"rendered":"<p>Totul dup\u0103 ce pre\u0219edintele american l-a criticat aspru pe pre\u0219edintele Ucrainei, numindu-l dictator \u0219i un&hellip;<\/p>\n","protected":false},"author":0,"featured_media":33262,"comment_status":"open","ping_status":"open","sticky":false,"template":"","format":"standard","meta":{"footnotes":""},"categories":[4],"tags":[],"class_list":["post-33261","post","type-post","status-publish","format-standard","has-post-thumbnail","hentry","category-extern"],"_links":{"self":[{"href":"https:\/\/247stiri.ro\/index.php\/wp-json\/wp\/v2\/posts\/33261","targetHints":{"allow":["GET"]}}],"collection":[{"href":"https:\/\/247stiri.ro\/index.php\/wp-json\/wp\/v2\/posts"}],"about":[{"href":"https:\/\/247stiri.ro\/index.php\/wp-json\/wp\/v2\/types\/post"}],"replies":[{"embeddable":true,"href":"https:\/\/247stiri.ro\/index.php\/wp-json\/wp\/v2\/comments?post=33261"}],"version-history":[{"count":0,"href":"https:\/\/247stiri.ro\/index.php\/wp-json\/wp\/v2\/posts\/33261\/revisions"}],"wp:featuredmedia":[{"embeddable":true,"href":"https:\/\/247stiri.ro\/index.php\/wp-json\/wp\/v2\/media\/33262"}],"wp:attachment":[{"href":"https:\/\/247stiri.ro\/index.php\/wp-json\/wp\/v2\/media?parent=33261"}],"wp:term":[{"taxonomy":"category","embeddable":true,"href":"https:\/\/247stiri.ro\/index.php\/wp-json\/wp\/v2\/categories?post=33261"},{"taxonomy":"post_tag","embeddable":true,"href":"https:\/\/247stiri.ro\/index.php\/wp-json\/wp\/v2\/tags?post=33261"}],"curies":[{"name":"wp","href":"https:\/\/api.w.org\/{rel}","templated":true}]}}