{"id":33270,"date":"2025-02-20T12:45:19","date_gmt":"2025-02-20T12:45:19","guid":{"rendered":"https:\/\/247stiri.ro\/index.php\/2025\/02\/20\/tavan-prabusit-intr-un-salon-al-spitalului-judetean-focsani-pacientii-evacuati-de-urgenta-foto\/"},"modified":"2025-02-20T12:45:19","modified_gmt":"2025-02-20T12:45:19","slug":"tavan-prabusit-intr-un-salon-al-spitalului-judetean-focsani-pacientii-evacuati-de-urgenta-foto","status":"publish","type":"post","link":"https:\/\/247stiri.ro\/index.php\/2025\/02\/20\/tavan-prabusit-intr-un-salon-al-spitalului-judetean-focsani-pacientii-evacuati-de-urgenta-foto\/","title":{"rendered":"Tavan pr\u0103bu\u0219it \u00eentr-un salon al Spitalului Jude\u021bean Foc\u0219ani: pacien\u021bii, evacua\u021bi de urgen\u021b\u0103 &#8211; FOTO"},"content":{"rendered":"<p>&#8222;\u00cen dup\u0103 amiaza zilei de 18 februarie am fost anun\u021ba\u021bi de c\u0103tre medicul \u0219ef de sec\u021bie Boli Infec\u021bioase \u0219i de c\u0103tre medicul de gard\u0103 din acea zi, doamna doctor Agurid\u0103 Aida, despre \u00eent\u00e2mplarea petrecut\u0103 \u00een salonul III, \u00een care o parte din tencuiala tavanului s-a desprins \u0219i a c\u0103zut \u00een salon. La momentul respectiv, \u00een salon era internat\u0103 o mam\u0103 \u00eempreun\u0103 cu copilul s\u0103u, care nu au suferi v\u0103t\u0103m\u0103ri corporale sau alte inconveniente&#8221;, a declarat, pentru AGERPRES, Rodica Ifrim.<\/p>\n\n<p>Potrivit managerului SJU Foc\u0219ani, unitatea medical\u0103 a demarat deja lucr\u0103rile de repara\u021bii \u0219i igienizare, pacien\u021bii din salonul respectiv, dar \u0219i cei din saloanele din jur, fiind reloca\u021bi.<\/p>\n<p>&#8222;\u00cen diminea\u021ba zile de 19 februarie 2025 am anun\u021bat Direc\u021bia de S\u0103n\u0103tate Public\u0103 (DSP) Vrancea \u00een scris despre acest incident \u0219i despre solicitarea \u00eenceperii demersurilor privind repara\u021biile \u0219i igienizarea \u00eentregului sector. Am izolat salonul respectiv, \u00eempreun\u0103 cu alte rezerve din jur, pentru a vedea dac\u0103 problema este punctual\u0103 sau sunt \u0219i alte probleme \u00een cl\u0103direa de Boli Infec\u021bioase. Am primit un control de la DSP pentru a identifica eventualele cauze. Am demarat aceste repara\u021bii c\u00e2t mai urgent \u0219i am identificat spa\u021bii pentru relocarea pacien\u021bilor, pentru a scoate acest sector din circuitul bolnavilor. Avem aceast\u0103 posibilitate deoarece la acest moment num\u0103rul de intern\u0103ri nu este foarte mare. \u00cen cazul \u00een care num\u0103rul de intern\u0103ri vor cre\u0219te, vom identifica alte solu\u021bii sau vom cere sprijinul sec\u021biei de Pneumologie \u00een gestionarea cazurilor respective&#8221;, a spus managerul.<\/p>\n<p>Cl\u0103direa sec\u021biei de Boli Infec\u021bioase a fost dat\u0103 \u00een folosin\u021b\u0103 \u00een 2010 \u0219i de la acel moment, potrivit managerului, nu au mai fost f\u0103cute repara\u021bii sau alte igieniz\u0103ri.<\/p>\n<p>Ministerul S\u0103n\u0103t\u0103\u021bii a confirmat incidentul de la Spitalul Jude\u021bean Foc\u0219ani, subliniind c\u0103 \u00een urm\u0103toarea perioad\u0103 se vor face repara\u021biile necesare.<\/p>\n<p>&#8222;Pacien\u021bii interna\u021bi nu au fost afecta\u021bi \u0219i au fost reloca\u021bi \u00een alte saloane ale sec\u021biei. \u00cen urm\u0103toarele 10 zile se vor face lucr\u0103ri de repara\u021bii \u00een zonele cu probleme. \u00cen momentul de fa\u021b\u0103, sec\u021bia de Boli Infec\u021bioase nu este aglomerat\u0103&#8221;, au precizat reprezentan\u021bii ministerului.\u00a0<\/p>\n<p>\u00a0<\/p>\n<p>\u00a0<\/p>","protected":false},"excerpt":{"rendered":"<p>&#8222;\u00cen dup\u0103 amiaza zilei de 18 februarie am fost anun\u021ba\u021bi de c\u0103tre medicul \u0219ef de&hellip;<\/p>\n","protected":false},"author":0,"featured_media":33271,"comment_status":"open","ping_status":"open","sticky":false,"template":"","format":"standard","meta":{"footnotes":""},"categories":[2],"tags":[],"class_list":["post-33270","post","type-post","status-publish","format-standard","has-post-thumbnail","hentry","category-actual"],"_links":{"self":[{"href":"https:\/\/247stiri.ro\/index.php\/wp-json\/wp\/v2\/posts\/33270","targetHints":{"allow":["GET"]}}],"collection":[{"href":"https:\/\/247stiri.ro\/index.php\/wp-json\/wp\/v2\/posts"}],"about":[{"href":"https:\/\/247stiri.ro\/index.php\/wp-json\/wp\/v2\/types\/post"}],"replies":[{"embeddable":true,"href":"https:\/\/247stiri.ro\/index.php\/wp-json\/wp\/v2\/comments?post=33270"}],"version-history":[{"count":0,"href":"https:\/\/247stiri.ro\/index.php\/wp-json\/wp\/v2\/posts\/33270\/revisions"}],"wp:featuredmedia":[{"embeddable":true,"href":"https:\/\/247stiri.ro\/index.php\/wp-json\/wp\/v2\/media\/33271"}],"wp:attachment":[{"href":"https:\/\/247stiri.ro\/index.php\/wp-json\/wp\/v2\/media?parent=33270"}],"wp:term":[{"taxonomy":"category","embeddable":true,"href":"https:\/\/247stiri.ro\/index.php\/wp-json\/wp\/v2\/categories?post=33270"},{"taxonomy":"post_tag","embeddable":true,"href":"https:\/\/247stiri.ro\/index.php\/wp-json\/wp\/v2\/tags?post=33270"}],"curies":[{"name":"wp","href":"https:\/\/api.w.org\/{rel}","templated":true}]}}