{"id":33288,"date":"2025-02-20T13:45:18","date_gmt":"2025-02-20T13:45:18","guid":{"rendered":"https:\/\/247stiri.ro\/index.php\/2025\/02\/20\/bolojan-a-rechemat-un-ambasador-roman-si-l-a-numit-consilier-prezidential\/"},"modified":"2025-02-20T13:45:18","modified_gmt":"2025-02-20T13:45:18","slug":"bolojan-a-rechemat-un-ambasador-roman-si-l-a-numit-consilier-prezidential","status":"publish","type":"post","link":"https:\/\/247stiri.ro\/index.php\/2025\/02\/20\/bolojan-a-rechemat-un-ambasador-roman-si-l-a-numit-consilier-prezidential\/","title":{"rendered":"Bolojan a rechemat un ambasador rom\u00e2n \u0219i l-a numit consilier preziden\u021bial"},"content":{"rendered":"<p>Potrivit Administra\u021biei Preziden\u021biale, Ilie Bolojan a semnat decretul privind rechemarea lui Bogdan Mazuru din calitatea de ambasador extraordinar \u0219i plenipoten\u021biar al Rom\u00e2niei \u00een Confedera\u021bia Elve\u021bian\u0103 \u0219i \u00een Principatul Liechtenstein, cu re\u0219edin\u021ba la Berna.<\/p>\n<p>Un al doilea decret semnat joi de pre\u0219edintele interimar se refer\u0103 la \u201dnumirea \u00een func\u021bia de consilier preziden\u021bial pentru Politic\u0103 Extern\u0103 a domnului Bogdan Mazuru.\u201d<\/p>\n<p>Printr-un al treilea decret, Ilie Bolojan \u00eel recheam\u0103 pe Florin Marius Tacu din calitatea de ambasador extraordinar \u0219i plenipoten\u021biar al Rom\u00e2niei \u00een Sultanatul Oman.<\/p>\n<p><a title='Bolojan, somat de inca un lider politic sa convoace \"urgent\" CSAT! Mesaj transant: \"O tara nu se apara cu mainile-n san\"' href=\"https:\/\/www.realitatea.net\/stiri\/politica\/bolojan-somat-de-inca-un-lider-politic-sa-convoace-urgent-csat-mesaj-transant-o-tara-nu-se-apara-cu-mainilen-san_67b72645f574e5060f2fc266\">Bolojan, somat de \u00eenc\u0103 un lider politic s\u0103 convoace &#8222;urgent&#8221; CSAT! Mesaj tran\u0219ant: &#8222;O \u0163ar\u0103 nu se ap\u0103r\u0103 cu m\u00e2inile-n s\u00e2n&#8221;<\/a><\/p>","protected":false},"excerpt":{"rendered":"<p>Potrivit Administra\u021biei Preziden\u021biale, Ilie Bolojan a semnat decretul privind rechemarea lui Bogdan Mazuru din calitatea&hellip;<\/p>\n","protected":false},"author":0,"featured_media":33281,"comment_status":"open","ping_status":"open","sticky":false,"template":"","format":"standard","meta":{"footnotes":""},"categories":[2],"tags":[],"class_list":["post-33288","post","type-post","status-publish","format-standard","has-post-thumbnail","hentry","category-actual"],"_links":{"self":[{"href":"https:\/\/247stiri.ro\/index.php\/wp-json\/wp\/v2\/posts\/33288","targetHints":{"allow":["GET"]}}],"collection":[{"href":"https:\/\/247stiri.ro\/index.php\/wp-json\/wp\/v2\/posts"}],"about":[{"href":"https:\/\/247stiri.ro\/index.php\/wp-json\/wp\/v2\/types\/post"}],"replies":[{"embeddable":true,"href":"https:\/\/247stiri.ro\/index.php\/wp-json\/wp\/v2\/comments?post=33288"}],"version-history":[{"count":0,"href":"https:\/\/247stiri.ro\/index.php\/wp-json\/wp\/v2\/posts\/33288\/revisions"}],"wp:featuredmedia":[{"embeddable":true,"href":"https:\/\/247stiri.ro\/index.php\/wp-json\/wp\/v2\/media\/33281"}],"wp:attachment":[{"href":"https:\/\/247stiri.ro\/index.php\/wp-json\/wp\/v2\/media?parent=33288"}],"wp:term":[{"taxonomy":"category","embeddable":true,"href":"https:\/\/247stiri.ro\/index.php\/wp-json\/wp\/v2\/categories?post=33288"},{"taxonomy":"post_tag","embeddable":true,"href":"https:\/\/247stiri.ro\/index.php\/wp-json\/wp\/v2\/tags?post=33288"}],"curies":[{"name":"wp","href":"https:\/\/api.w.org\/{rel}","templated":true}]}}