{"id":33309,"date":"2025-02-20T14:45:49","date_gmt":"2025-02-20T14:45:49","guid":{"rendered":"https:\/\/247stiri.ro\/index.php\/2025\/02\/20\/guvernul-a-aprobat-bugetul-pentru-alegerile-prezidentiale-banii-alocati-din-fondul-de-rezerva\/"},"modified":"2025-02-20T14:45:49","modified_gmt":"2025-02-20T14:45:49","slug":"guvernul-a-aprobat-bugetul-pentru-alegerile-prezidentiale-banii-alocati-din-fondul-de-rezerva","status":"publish","type":"post","link":"https:\/\/247stiri.ro\/index.php\/2025\/02\/20\/guvernul-a-aprobat-bugetul-pentru-alegerile-prezidentiale-banii-alocati-din-fondul-de-rezerva\/","title":{"rendered":"Guvernul a aprobat bugetul pentru alegerile preziden\u021biale. Banii, aloca\u021bi din fondul de rezerv\u0103"},"content":{"rendered":"<p>Potrivit unui comunicat al Executivului, banii provin din Fondul de rezerv\u0103 bugetar\u0103 la dispozi\u021bia Guvernului, prev\u0103zut \u00een bugetul de stat pe anul 2025.&#8217;Astfel au fost prev\u0103zute sume suplimentare \u00een bugetele Ministerului Afacerilor Interne &#8211; 740,6 milioane lei, Secretariatului General al Guvernului &#8211; 20,138 milioane lei, pentru Institutul Na\u021bional de Statistic\u0103 \u0219i pentru Administra\u021bia Na\u021bional\u0103 a Rezervelor de Stat \u0219i Probleme Speciale, Autoritatea Electoral\u0103 Permanent\u0103 &#8211; 42,568 milioane lei, Ministerul Afacerilor Externe &#8211; 352,438 milioane lei \u0219i Serviciului de Telecomunica\u021bii Speciale &#8211; 30,6 milioane lei&#8217;, se arat\u0103 \u00een comunicat.Prin aceea\u0219i hot\u0103r\u00e2re, a fost adoptat\u0103 \u0219i structura cheltuielilor necesare pentru preg\u0103tirea, organizarea \u0219i desf\u0103\u0219urarea alegerilor pentru pre\u0219edintele Rom\u00e2niei din anul 2025.<\/p>\n<p><a title=\"Au fost desemnati judecatorii ICCJ care intra in alcatuirea BEC pentru alegerile prezidentiale\" href=\"https:\/\/www.realitatea.net\/stiri\/actual\/au-fost-desemnati-judecatorii-iccj-care-intra-in-alcatuirea-bec-pentru-alegerile-prezidentiale_67b737ccb484602e20061ed2\">Au fost desemna\u021bi judec\u0103torii \u00ceCCJ care intr\u0103 \u00een alc\u0103tuirea BEC pentru alegerile preziden\u021biale<\/a>Astfel, \u00een termen de 60 de zile de la data public\u0103rii \u00een Monitorul Oficial al Rom\u00e2niei, Partea I, a rezultatului alegerilor pentru pre\u0219edintele Rom\u00e2niei din anul 2025, autorit\u0103\u021bile administra\u021biei publice centrale \u0219i locale implicate \u00een organizarea \u0219i desf\u0103\u0219urarea procesului electoral au obliga\u021bia de a comunica Autorit\u0103\u021bii Electorale Permanente situa\u021bia sumelor alocate \u0219i a cheltuielilor efectuate, separat pe cheltuieli de personal, cheltuieli materiale \u0219i cheltuieli de capital.Tot joi, Executivul a aprobat \u0219i o hot\u0103r\u00e2re privind stabilirea m\u0103surilor pentru buna organizare \u0219i desf\u0103\u0219urare a alegerilor pentru pre\u0219edintele Rom\u00e2niei din anul 2025.&#8217;Hot\u0103r\u00e2rea stabile\u0219te unele m\u0103suri de ordin organizatoric \u0219i institu\u021bional \u00een vederea stabilirii cadrului necesar pentru ducerea la \u00eendeplinire a dispozi\u021biilor legisla\u021biei primare privind preg\u0103tirea, organizarea \u0219i desf\u0103\u0219urarea alegerilor pentru pre\u0219edintele Rom\u00e2niei din anul 2025. Sunt detaliate atribu\u021biile \u0219i sarcinile care revin Autorit\u0103\u021bii Electorale Permanente, Ministerului Afacerilor Interne, Ministerului Afacerilor Externe, Ministerului S\u0103n\u0103t\u0103\u021bii, Institutului Na\u021bional de Statistic\u0103, Serviciului de Telecomunica\u021bii Speciale, prefec\u021bilor \u0219i primarilor \u00een preg\u0103tirea, organizarea \u0219i desf\u0103\u0219urarea scrutinului&#8217;, se arat\u0103 \u00een comunicatul Executivului.\u00a0<\/p>\n<p><a title=\"Calin Georgescu anunta lansarea tipizatelor pentru strangerea de semnaturi la alegerile din mai 2025. De unde pot descarca formularele toti romanii care il sustin \" href=\"https:\/\/www.realitatea.net\/stiri\/actual\/calin-georgescu-anunta-lansarea-tipizatelor-pentru-strangerea-de-semnaturi-la-alegerile-din-2025-de-unde-pot-descarca-formularele-toti-romanii-care-il-sustin_67b724294a96c21e532f9bf2\">C\u0103lin Georgescu anun\u021b\u0103 lansarea tipizatelor pentru str\u00e2ngerea de semn\u0103turi la alegerile din mai 2025. De unde pot desc\u0103rca formularele to\u021bi rom\u00e2nii care \u00eel sus\u021bin<\/a><\/p>","protected":false},"excerpt":{"rendered":"<p>Potrivit unui comunicat al Executivului, banii provin din Fondul de rezerv\u0103 bugetar\u0103 la dispozi\u021bia Guvernului,&hellip;<\/p>\n","protected":false},"author":0,"featured_media":33308,"comment_status":"open","ping_status":"open","sticky":false,"template":"","format":"standard","meta":{"footnotes":""},"categories":[2],"tags":[],"class_list":["post-33309","post","type-post","status-publish","format-standard","has-post-thumbnail","hentry","category-actual"],"_links":{"self":[{"href":"https:\/\/247stiri.ro\/index.php\/wp-json\/wp\/v2\/posts\/33309","targetHints":{"allow":["GET"]}}],"collection":[{"href":"https:\/\/247stiri.ro\/index.php\/wp-json\/wp\/v2\/posts"}],"about":[{"href":"https:\/\/247stiri.ro\/index.php\/wp-json\/wp\/v2\/types\/post"}],"replies":[{"embeddable":true,"href":"https:\/\/247stiri.ro\/index.php\/wp-json\/wp\/v2\/comments?post=33309"}],"version-history":[{"count":0,"href":"https:\/\/247stiri.ro\/index.php\/wp-json\/wp\/v2\/posts\/33309\/revisions"}],"wp:featuredmedia":[{"embeddable":true,"href":"https:\/\/247stiri.ro\/index.php\/wp-json\/wp\/v2\/media\/33308"}],"wp:attachment":[{"href":"https:\/\/247stiri.ro\/index.php\/wp-json\/wp\/v2\/media?parent=33309"}],"wp:term":[{"taxonomy":"category","embeddable":true,"href":"https:\/\/247stiri.ro\/index.php\/wp-json\/wp\/v2\/categories?post=33309"},{"taxonomy":"post_tag","embeddable":true,"href":"https:\/\/247stiri.ro\/index.php\/wp-json\/wp\/v2\/tags?post=33309"}],"curies":[{"name":"wp","href":"https:\/\/api.w.org\/{rel}","templated":true}]}}