{"id":3331,"date":"2024-10-31T10:34:52","date_gmt":"2024-10-31T10:34:52","guid":{"rendered":"https:\/\/247stiri.ro\/index.php\/2024\/10\/31\/ministerul-educatiei-si-cel-al-culturii-protocol-pentru-sustinerea-educatiei-culturale\/"},"modified":"2024-10-31T10:34:52","modified_gmt":"2024-10-31T10:34:52","slug":"ministerul-educatiei-si-cel-al-culturii-protocol-pentru-sustinerea-educatiei-culturale","status":"publish","type":"post","link":"https:\/\/247stiri.ro\/index.php\/2024\/10\/31\/ministerul-educatiei-si-cel-al-culturii-protocol-pentru-sustinerea-educatiei-culturale\/","title":{"rendered":"Ministerul Educa\u021biei \u0219i cel al Culturii, protocol pentru sus\u021binerea educa\u021biei culturale"},"content":{"rendered":"<p>Printre obiectivele principale ale proiectului se num\u0103r\u0103: valorizarea patrimoniului cultural na\u0163ional \u015fi a formelor de expresie cultural\u0103 \u00een r\u00e2ndul copiilor \u015fi al tinerilor, asigurarea cadrului necesar pentru colaborarea \u00eentre institu\u0163iile publice de cultur\u0103 \u015fi unit\u0103\u0163ile de \u00eenv\u0103\u0163\u0103m\u00e2nt, sus\u0163inerea dezvolt\u0103rii unui set de atitudini civice, care s\u0103 permit\u0103 tinerilor folosirea educa\u0163iei culturale ca resurs\u0103, instrument \u015fi context de \u00eenv\u0103\u0163are complementar educa\u0163iei formale.<\/p>\n<p>Totodat\u0103, un obiectiv central al colabor\u0103rii \u00eel reprezint\u0103 organizarea unor programe de formare continu\u0103 adresate cadrelor didactice, care s\u0103 le permit\u0103 acestora dezvoltarea de competen\u0163e \u00een vederea valorific\u0103rii educa\u0163iei culturale \u015fi a institu\u0163iilor de cultur\u0103 drept contexte de \u00eenv\u0103\u0163are complementare celor organizate \u00een cadrul unit\u0103\u0163ilor de \u00eenv\u0103\u0163\u0103m\u00e2nt.<\/p>\n<p>De altfel, se vor \u00eentreprinde demersuri pentru ca \u00een cadrul stagiilor de practic\u0103 pedagogic\u0103, at\u00e2t la nivel de licen\u0163\u0103, c\u00e2t \u015fi la nivel de master\/postdoctorat, s\u0103 fie introduse activit\u0103\u0163i de practic\u0103 pedagogic\u0103 organizate cu implicarea institu\u0163iilor publice de cultur\u0103 (muzee, teatre, opere, biblioteci etc.).<\/p>\n<p>&#8222;Acest parteneriat este o confirmare a angajamentului de a valoriza cultura \u00een context educa\u0163ional. Activit\u0103\u0163ile pe care le vom desf\u0103\u015fura vor reprezenta o punte \u00eentre cunoa\u015ftere \u015fi mo\u015ftenirea cultural\u0103, menit\u0103 s\u0103 ofere tinerilor posibilitatea de a face fa\u0163\u0103 provoc\u0103rilor globale, de a milita pentru coeziune social\u0103 \u015fi pentru promovarea identit\u0103\u0163ii \u015fi a valorilor na\u0163ionale&#8221;, a declarat Ligia Deca, ministrul Educa\u0163iei, potrivit unui comunicat remis presei.<\/p>\n<p>Ministrul Culturii, Raluca Turcan, a eviden\u0163iat c\u0103 protocolul \u00ee\u015fi propune s\u0103 apropie institu\u0163iile culturale de institu\u0163iile de \u00eenv\u0103\u0163\u0103m\u00e2nt, contribuind la cre\u015fterea interesului pentru cultur\u0103 \u00een general \u015fi a publicului de m\u00e2ine, \u00een special.<\/p>\n<p>&#8222;Pe de o parte, protocolul \u00ee\u015fi propune s\u0103 accesibilizeze institu\u0163iile de cultur\u0103 pentru toate tipurile de public, prin formarea angaja\u0163ilor din sectorul cultural \u00een direc\u0163ia educa\u0163iei culturale \u015fi prin realizarea de produse \u015fi proiecte de educa\u0163ie cultural\u0103. Pe de alt\u0103 parte, protocolul ofer\u0103 premisele form\u0103rii cadrelor didactice \u00een direc\u0163ia educa\u0163iei culturale, astfel \u00eenc\u00e2t acestea s\u0103 utilizeze cultura \u015fi institu\u0163iile de cultur\u0103 ca instrumente \u00een educa\u0163ia formal\u0103. Nu \u00een ultimul r\u00e2nd, acest protocol reprezint\u0103 baza unei viitoare politici publice de educa\u0163ie cultural\u0103&#8221;, a spus Turcan.<\/p>","protected":false},"excerpt":{"rendered":"<p>Printre obiectivele principale ale proiectului se num\u0103r\u0103: valorizarea patrimoniului cultural na\u0163ional \u015fi a formelor de&hellip;<\/p>\n","protected":false},"author":0,"featured_media":3325,"comment_status":"open","ping_status":"open","sticky":false,"template":"","format":"standard","meta":{"footnotes":""},"categories":[2],"tags":[],"class_list":["post-3331","post","type-post","status-publish","format-standard","has-post-thumbnail","hentry","category-actual"],"_links":{"self":[{"href":"https:\/\/247stiri.ro\/index.php\/wp-json\/wp\/v2\/posts\/3331","targetHints":{"allow":["GET"]}}],"collection":[{"href":"https:\/\/247stiri.ro\/index.php\/wp-json\/wp\/v2\/posts"}],"about":[{"href":"https:\/\/247stiri.ro\/index.php\/wp-json\/wp\/v2\/types\/post"}],"replies":[{"embeddable":true,"href":"https:\/\/247stiri.ro\/index.php\/wp-json\/wp\/v2\/comments?post=3331"}],"version-history":[{"count":0,"href":"https:\/\/247stiri.ro\/index.php\/wp-json\/wp\/v2\/posts\/3331\/revisions"}],"wp:featuredmedia":[{"embeddable":true,"href":"https:\/\/247stiri.ro\/index.php\/wp-json\/wp\/v2\/media\/3325"}],"wp:attachment":[{"href":"https:\/\/247stiri.ro\/index.php\/wp-json\/wp\/v2\/media?parent=3331"}],"wp:term":[{"taxonomy":"category","embeddable":true,"href":"https:\/\/247stiri.ro\/index.php\/wp-json\/wp\/v2\/categories?post=3331"},{"taxonomy":"post_tag","embeddable":true,"href":"https:\/\/247stiri.ro\/index.php\/wp-json\/wp\/v2\/tags?post=3331"}],"curies":[{"name":"wp","href":"https:\/\/api.w.org\/{rel}","templated":true}]}}