{"id":33313,"date":"2025-02-20T14:45:50","date_gmt":"2025-02-20T14:45:50","guid":{"rendered":"https:\/\/247stiri.ro\/index.php\/2025\/02\/20\/bulgaria-nu-trimite-trupe-militare-pentru-mentinerea-pacii-din-ucraina-presedintele-bulgariei-ma-opun-categoric\/"},"modified":"2025-02-20T14:45:50","modified_gmt":"2025-02-20T14:45:50","slug":"bulgaria-nu-trimite-trupe-militare-pentru-mentinerea-pacii-din-ucraina-presedintele-bulgariei-ma-opun-categoric","status":"publish","type":"post","link":"https:\/\/247stiri.ro\/index.php\/2025\/02\/20\/bulgaria-nu-trimite-trupe-militare-pentru-mentinerea-pacii-din-ucraina-presedintele-bulgariei-ma-opun-categoric\/","title":{"rendered":"Bulgaria nu trimite trupe militare pentru men\u021binerea p\u0103cii din Ucraina. Pre\u0219edintele Bulgariei: \u201dM\u0103 opun categoric\u201d"},"content":{"rendered":"<p>&#8222;\u00cen Bulgaria nu este \u00een desf\u0103\u015furare nicio planificare militar\u0103 \u015fi nici nu ne-a fost solicitat\u0103 participarea la o opera\u0163iune de men\u0163inere a p\u0103cii&#8221;, a spus ministrul ap\u0103r\u0103rii, Atanas Zaprianov, \u00een fa\u0163a parlamentului de la Sofia.<\/p>\n<p>Acesta \u015fi ministrul de externe Gheorg Gheorghiev au r\u0103spuns \u00eentreb\u0103rilor opozi\u0163iei na\u0163ionaliste \u015fi pro-ruse despre chestionarul trimis de Statele Unite alia\u0163ilor din NATO cu privire la disponibilitatea acestora de a participa cu trupe pentru garantarea aplic\u0103rii unui acord de pace \u00een Ucraina.<\/p>\n<p>&#8222;Solicit\u0103m ferm ca specula\u0163iile pe aceast\u0103 tem\u0103 s\u0103 \u00eenceteze&#8221;, a indicat ministrul de externe bulgar, resping\u00e2nd a\u015fadar clar orice implicare a Bulgariei cu trupe de men\u0163inere a p\u0103cii \u00een Ucraina.<\/p>\n<p>Blocul coali\u0163iei guvernamentale, condus de partidul conservator GERB, a \u00eenaintat o mo\u0163iune pentru adoptarea s\u0103pt\u0103m\u00e2na aceasta a unei declara\u0163ii parlamentare conform c\u0103reia Bulgaria nu va trimite solda\u0163i \u00een Ucraina \u00een nicio circumstan\u0163\u0103.<\/p>\n<p>Mar\u0163i, pre\u015fedintele bulgar, Rumen Radev, acuzat de simpatii pro-ruse, a exclus \u015fi el orice posibilitate de a trimite solda\u0163i \u00een Ucraina<\/p>\n<p>&#8222;\u00cen calitate de comandant suprem, m\u0103 opun categoric ca Bulgaria s\u0103 trimit\u0103 solda\u0163i \u00een Ucraina, indiferent sub ce form\u0103&#8221;, a precizat Radev.<\/p>","protected":false},"excerpt":{"rendered":"<p>&#8222;\u00cen Bulgaria nu este \u00een desf\u0103\u015furare nicio planificare militar\u0103 \u015fi nici nu ne-a fost solicitat\u0103&hellip;<\/p>\n","protected":false},"author":0,"featured_media":33314,"comment_status":"open","ping_status":"open","sticky":false,"template":"","format":"standard","meta":{"footnotes":""},"categories":[2],"tags":[],"class_list":["post-33313","post","type-post","status-publish","format-standard","has-post-thumbnail","hentry","category-actual"],"_links":{"self":[{"href":"https:\/\/247stiri.ro\/index.php\/wp-json\/wp\/v2\/posts\/33313","targetHints":{"allow":["GET"]}}],"collection":[{"href":"https:\/\/247stiri.ro\/index.php\/wp-json\/wp\/v2\/posts"}],"about":[{"href":"https:\/\/247stiri.ro\/index.php\/wp-json\/wp\/v2\/types\/post"}],"replies":[{"embeddable":true,"href":"https:\/\/247stiri.ro\/index.php\/wp-json\/wp\/v2\/comments?post=33313"}],"version-history":[{"count":0,"href":"https:\/\/247stiri.ro\/index.php\/wp-json\/wp\/v2\/posts\/33313\/revisions"}],"wp:featuredmedia":[{"embeddable":true,"href":"https:\/\/247stiri.ro\/index.php\/wp-json\/wp\/v2\/media\/33314"}],"wp:attachment":[{"href":"https:\/\/247stiri.ro\/index.php\/wp-json\/wp\/v2\/media?parent=33313"}],"wp:term":[{"taxonomy":"category","embeddable":true,"href":"https:\/\/247stiri.ro\/index.php\/wp-json\/wp\/v2\/categories?post=33313"},{"taxonomy":"post_tag","embeddable":true,"href":"https:\/\/247stiri.ro\/index.php\/wp-json\/wp\/v2\/tags?post=33313"}],"curies":[{"name":"wp","href":"https:\/\/api.w.org\/{rel}","templated":true}]}}