{"id":33315,"date":"2025-02-20T14:45:51","date_gmt":"2025-02-20T14:45:51","guid":{"rendered":"https:\/\/247stiri.ro\/index.php\/2025\/02\/20\/guvernul-a-decis-ce-se-intampla-cu-programul-national-masa-sanatoasa-in-2025\/"},"modified":"2025-02-20T14:45:51","modified_gmt":"2025-02-20T14:45:51","slug":"guvernul-a-decis-ce-se-intampla-cu-programul-national-masa-sanatoasa-in-2025","status":"publish","type":"post","link":"https:\/\/247stiri.ro\/index.php\/2025\/02\/20\/guvernul-a-decis-ce-se-intampla-cu-programul-national-masa-sanatoasa-in-2025\/","title":{"rendered":"Guvernul a decis. Ce se \u00eent\u00e2mpl\u0103 cu programul na\u021bional &#8216;Mas\u0103 s\u0103n\u0103toas\u0103&#8217; \u00een 2025"},"content":{"rendered":"<p>Printr-o hot\u0103r\u00e2re, a fost aprobat\u0103 repartizarea pe unit\u0103\u021bi\/subdiviziuni administrativ-teritoriale \u0219i pe unit\u0103\u021bi de \u00eenv\u0103\u021b\u0103m\u00e2nt a sumei prev\u0103zute \u00een Legea bugetului de stat pe anul 2025 pentru finan\u021barea Programului na\u021bional &#8216;Mas\u0103 s\u0103n\u0103toas\u0103&#8217;.&#8217;Guvernul a completat legisla\u021bia pentru derularea acestui program care vizeaz\u0103 reducerea abandonului \u0219colar \u0219i care a fost dezvoltat de la an la an astfel \u00eenc\u00e2t, \u00een 2025, ajunge \u00een 1.462 de unit\u0103\u021bi de \u00eenv\u0103\u021b\u0103m\u00e2nt. Fondurile de peste 1,1 miliarde de lei cuprinse ini\u021bial \u00een buget au fost ast\u0103zi repartizate prin hot\u0103r\u00e2re de guvern comunit\u0103\u021bilor locale. Pentru asigurarea continuit\u0103\u021bii, unit\u0103\u021bile incluse \u00een 2024 vor continua implementarea \u0219i \u00een anul \u0219colar 2024 &#8211; 2025, iar programul va fi extins treptat, astfel \u00eenc\u00e2t, p\u00e2n\u0103 la \u00eenceputul anului \u0219colar 2029 &#8211; 2030, s\u0103 fie aplicat la nivel na\u021bional&#8217;, a informat Guvernul.<\/p>\n<p><a title=\"Daniel David, despre INTERZICEREA telefoanelor in scoli: Obiectivul este protejarea intereselor educationale ale elevului\" href=\"https:\/\/www.realitatea.net\/stiri\/actual\/daniel-david-despre-interzicerea-telefoanelor-in-scoli-obiectivul-este-protejarea-intereselor-educationale-ale-elevului_67b6f4cb7ee4484768660192\">Daniel David, despre INTERZICEREA telefoanelor \u00een \u0219coli: Obiectivul este protejarea intereselor educa\u021bionale ale elevului<\/a><\/p>","protected":false},"excerpt":{"rendered":"<p>Printr-o hot\u0103r\u00e2re, a fost aprobat\u0103 repartizarea pe unit\u0103\u021bi\/subdiviziuni administrativ-teritoriale \u0219i pe unit\u0103\u021bi de \u00eenv\u0103\u021b\u0103m\u00e2nt a&hellip;<\/p>\n","protected":false},"author":0,"featured_media":33316,"comment_status":"open","ping_status":"open","sticky":false,"template":"","format":"standard","meta":{"footnotes":""},"categories":[2],"tags":[],"class_list":["post-33315","post","type-post","status-publish","format-standard","has-post-thumbnail","hentry","category-actual"],"_links":{"self":[{"href":"https:\/\/247stiri.ro\/index.php\/wp-json\/wp\/v2\/posts\/33315","targetHints":{"allow":["GET"]}}],"collection":[{"href":"https:\/\/247stiri.ro\/index.php\/wp-json\/wp\/v2\/posts"}],"about":[{"href":"https:\/\/247stiri.ro\/index.php\/wp-json\/wp\/v2\/types\/post"}],"replies":[{"embeddable":true,"href":"https:\/\/247stiri.ro\/index.php\/wp-json\/wp\/v2\/comments?post=33315"}],"version-history":[{"count":0,"href":"https:\/\/247stiri.ro\/index.php\/wp-json\/wp\/v2\/posts\/33315\/revisions"}],"wp:featuredmedia":[{"embeddable":true,"href":"https:\/\/247stiri.ro\/index.php\/wp-json\/wp\/v2\/media\/33316"}],"wp:attachment":[{"href":"https:\/\/247stiri.ro\/index.php\/wp-json\/wp\/v2\/media?parent=33315"}],"wp:term":[{"taxonomy":"category","embeddable":true,"href":"https:\/\/247stiri.ro\/index.php\/wp-json\/wp\/v2\/categories?post=33315"},{"taxonomy":"post_tag","embeddable":true,"href":"https:\/\/247stiri.ro\/index.php\/wp-json\/wp\/v2\/tags?post=33315"}],"curies":[{"name":"wp","href":"https:\/\/api.w.org\/{rel}","templated":true}]}}