{"id":33319,"date":"2025-02-20T14:45:52","date_gmt":"2025-02-20T14:45:52","guid":{"rendered":"https:\/\/247stiri.ro\/index.php\/2025\/02\/20\/fata-de-13-ani-care-s-a-aruncat-de-la-etajul-4-al-unui-bloc-din-braila-a-murit-copila-s-ar-fi-certat-cu-parintii-sai\/"},"modified":"2025-02-20T14:45:52","modified_gmt":"2025-02-20T14:45:52","slug":"fata-de-13-ani-care-s-a-aruncat-de-la-etajul-4-al-unui-bloc-din-braila-a-murit-copila-s-ar-fi-certat-cu-parintii-sai","status":"publish","type":"post","link":"https:\/\/247stiri.ro\/index.php\/2025\/02\/20\/fata-de-13-ani-care-s-a-aruncat-de-la-etajul-4-al-unui-bloc-din-braila-a-murit-copila-s-ar-fi-certat-cu-parintii-sai\/","title":{"rendered":"Fata de 13 ani care s-a aruncat de la etajul 4 al unui bloc din Br\u0103ila a murit. Copila s-ar fi certat cu p\u0103rin\u021bii s\u0103i"},"content":{"rendered":"<p>Oamenii legii spun c\u0103 adolescenta \u00een v\u00e2rst\u0103 de 13 ani<a href=\"https:\/\/www.realitatea.net\/stiri\/actual\/incident-grav-in-orasul-braila-fetita-de-13-in-stare-grava-dupa-ce-a-cazut-de-la-etajul-4-al-unui-bloc_67b4eb15b433d5494431aad2\" target=\"_blank\"> s-ar fi aruncat de la etajul 4 al bloculu<\/a>i \u00een care locuia, dup\u0103 ce s-ar fi certat cu p\u0103rin\u021bii s\u0103i, pe motiv ace\u0219tia i-ar fi confiscat telefonul mobil.<\/p>\n<p>Potrivit reprezentan\u021bilor IPJ Br\u0103ila, mar\u0163i, \u00een jurul orei 20:35, poli\u0163i\u015ftii au fost sesiza\u0163i prin apel 112 cu privire la faptul c\u0103 o persoan\u0103 ar fi c\u0103zut de la etajul 4, pe strada Anton Pann din municipiul Br\u0103ila.<\/p>\n<p>\u201dLa fa\u0163a locului s-au deplasat poli\u0163i\u015fti, un echipaj de descarcerare din cadrul ISU Dun\u0103rea Br\u0103ila \u015fi un echipaj al ambulan\u0163ei care au efectuat manevre de resuscitare victimei, o minor\u0103 de 13 ani \u015fi au transportat-o la spital pentru acordarea de \u00eengrijiri medicale.Din primele date se pare c\u0103 minora de 13 ani s-ar fi aruncat de la etajul 4 al apartamentului unde locuie\u015fte.\u00a0<\/p>\n<p>\u00cen cauz\u0103 continu\u0103 cercet\u0103rile pentru stabilirea tuturor \u00eemprejur\u0103rilor \u00een care a avut loc evenimentul \u00eentr-un dosar penal \u00eentocmit sub aspectul s\u0103v\u00e2r\u015firii infrac\u0163iunii de v\u0103t\u0103mare corporal\u0103 din culp\u0103\u201d, a transmis IPJ Br\u0103ila.<\/p>","protected":false},"excerpt":{"rendered":"<p>Oamenii legii spun c\u0103 adolescenta \u00een v\u00e2rst\u0103 de 13 ani s-ar fi aruncat de la&hellip;<\/p>\n","protected":false},"author":0,"featured_media":33320,"comment_status":"open","ping_status":"open","sticky":false,"template":"","format":"standard","meta":{"footnotes":""},"categories":[2],"tags":[],"class_list":["post-33319","post","type-post","status-publish","format-standard","has-post-thumbnail","hentry","category-actual"],"_links":{"self":[{"href":"https:\/\/247stiri.ro\/index.php\/wp-json\/wp\/v2\/posts\/33319","targetHints":{"allow":["GET"]}}],"collection":[{"href":"https:\/\/247stiri.ro\/index.php\/wp-json\/wp\/v2\/posts"}],"about":[{"href":"https:\/\/247stiri.ro\/index.php\/wp-json\/wp\/v2\/types\/post"}],"replies":[{"embeddable":true,"href":"https:\/\/247stiri.ro\/index.php\/wp-json\/wp\/v2\/comments?post=33319"}],"version-history":[{"count":0,"href":"https:\/\/247stiri.ro\/index.php\/wp-json\/wp\/v2\/posts\/33319\/revisions"}],"wp:featuredmedia":[{"embeddable":true,"href":"https:\/\/247stiri.ro\/index.php\/wp-json\/wp\/v2\/media\/33320"}],"wp:attachment":[{"href":"https:\/\/247stiri.ro\/index.php\/wp-json\/wp\/v2\/media?parent=33319"}],"wp:term":[{"taxonomy":"category","embeddable":true,"href":"https:\/\/247stiri.ro\/index.php\/wp-json\/wp\/v2\/categories?post=33319"},{"taxonomy":"post_tag","embeddable":true,"href":"https:\/\/247stiri.ro\/index.php\/wp-json\/wp\/v2\/tags?post=33319"}],"curies":[{"name":"wp","href":"https:\/\/api.w.org\/{rel}","templated":true}]}}