{"id":33321,"date":"2025-02-20T14:45:52","date_gmt":"2025-02-20T14:45:52","guid":{"rendered":"https:\/\/247stiri.ro\/index.php\/2025\/02\/20\/au-fost-desemnati-judecatorii-iccj-care-intra-in-alcatuirea-bec-pentru-alegerile-prezidentiale\/"},"modified":"2025-02-20T14:45:52","modified_gmt":"2025-02-20T14:45:52","slug":"au-fost-desemnati-judecatorii-iccj-care-intra-in-alcatuirea-bec-pentru-alegerile-prezidentiale","status":"publish","type":"post","link":"https:\/\/247stiri.ro\/index.php\/2025\/02\/20\/au-fost-desemnati-judecatorii-iccj-care-intra-in-alcatuirea-bec-pentru-alegerile-prezidentiale\/","title":{"rendered":"Au fost desemna\u021bi judec\u0103torii \u00ceCCJ care intr\u0103 \u00een alc\u0103tuirea BEC pentru alegerile preziden\u021biale"},"content":{"rendered":"<p>Judec\u0103torii \u00ceCCJ care vor face parte din BEC la preziden\u0163iale, desemna\u0163i. Joi a avut loc la sediul \u00cenaltei Cur\u0163i de Casa\u0163ie \u015fi Justi\u0163ie, tragerea la sor\u0163i \u015fi desemnarea celor 5 judec\u0103tori care intr\u0103 \u00een alc\u0103tuirea Biroul Electoral Central pentru alegerea Pre\u015fedintelui Rom\u00e2niei din anul 2025.<\/p>\n<p>Astfel, din BEC vor face parte Nechita Maricel \u2013 judec\u0103tor la Sec\u0163ia I civil\u0103, M\u00eeneran Mihaela \u2013 judec\u0103tor la Sec\u0163ia a II-a civil\u0103, Iancu Ana Hermina \u2013 judec\u0103tor la Sec\u0163ia penal\u0103, T\u0103nase Mihnea Adrian \u2013 judec\u0103tor la Sec\u0163ia de contencios administrativ \u015fi fiscal, precum \u015fi Grosu Cristinel \u2013 judec\u0103tor la Sec\u0163ia de contencios administrativ \u015fi fiscal.\u00a0<\/p>","protected":false},"excerpt":{"rendered":"<p>Judec\u0103torii \u00ceCCJ care vor face parte din BEC la preziden\u0163iale, desemna\u0163i. Joi a avut loc&hellip;<\/p>\n","protected":false},"author":0,"featured_media":33322,"comment_status":"open","ping_status":"open","sticky":false,"template":"","format":"standard","meta":{"footnotes":""},"categories":[2],"tags":[],"class_list":["post-33321","post","type-post","status-publish","format-standard","has-post-thumbnail","hentry","category-actual"],"_links":{"self":[{"href":"https:\/\/247stiri.ro\/index.php\/wp-json\/wp\/v2\/posts\/33321","targetHints":{"allow":["GET"]}}],"collection":[{"href":"https:\/\/247stiri.ro\/index.php\/wp-json\/wp\/v2\/posts"}],"about":[{"href":"https:\/\/247stiri.ro\/index.php\/wp-json\/wp\/v2\/types\/post"}],"replies":[{"embeddable":true,"href":"https:\/\/247stiri.ro\/index.php\/wp-json\/wp\/v2\/comments?post=33321"}],"version-history":[{"count":0,"href":"https:\/\/247stiri.ro\/index.php\/wp-json\/wp\/v2\/posts\/33321\/revisions"}],"wp:featuredmedia":[{"embeddable":true,"href":"https:\/\/247stiri.ro\/index.php\/wp-json\/wp\/v2\/media\/33322"}],"wp:attachment":[{"href":"https:\/\/247stiri.ro\/index.php\/wp-json\/wp\/v2\/media?parent=33321"}],"wp:term":[{"taxonomy":"category","embeddable":true,"href":"https:\/\/247stiri.ro\/index.php\/wp-json\/wp\/v2\/categories?post=33321"},{"taxonomy":"post_tag","embeddable":true,"href":"https:\/\/247stiri.ro\/index.php\/wp-json\/wp\/v2\/tags?post=33321"}],"curies":[{"name":"wp","href":"https:\/\/api.w.org\/{rel}","templated":true}]}}