{"id":33330,"date":"2025-02-20T15:48:41","date_gmt":"2025-02-20T15:48:41","guid":{"rendered":"https:\/\/247stiri.ro\/index.php\/2025\/02\/20\/incident-halucinant-in-vaslui-doi-minori-au-fost-impuscati-de-un-consatean-in-plina-strada\/"},"modified":"2025-02-20T15:48:41","modified_gmt":"2025-02-20T15:48:41","slug":"incident-halucinant-in-vaslui-doi-minori-au-fost-impuscati-de-un-consatean-in-plina-strada","status":"publish","type":"post","link":"https:\/\/247stiri.ro\/index.php\/2025\/02\/20\/incident-halucinant-in-vaslui-doi-minori-au-fost-impuscati-de-un-consatean-in-plina-strada\/","title":{"rendered":"Incident halucinant \u00een Vaslui. Doi minori au fost \u00eempu\u0219ca\u021bi de un cons\u0103tean \u00een plin\u0103 strad\u0103"},"content":{"rendered":"<p><a href=\"https:\/\/www.realitatea.net\/stiri\/actual\/bataie-intre-clanurile-interlope-in-centrul-orasului-urziceni-doi-oameni-au-murit-trei-sunt-grav-raniti-de-la-ce-a-pornit-totul_67a7955cd919ee297f689922\" target=\"_blank\">Scenele desprinse din filmele de groaz\u0103 <\/a>au avut loc \u00een jurul orei 21:00, pe un drum public din Muntenii de Sus, iar autorul atacului se pare c\u0103 este un t\u00e2n\u0103r \u00een v\u00e2rst\u0103 de 26 de ani care a fost re\u021binut joi, de poli\u021bi\u0219ti.<\/p>\n<p>\u201d\u00cen urma cercet\u0103rilor efectuate, poli\u021bi\u0219tii Sec\u021biei 2 Poli\u021bie Rural\u0103 Vaslui au stabilit faptul c\u0103, la data de 19 februarie 2025, ora 21.00, b\u0103rbatul b\u0103nuit de comiterea infrac\u021biunilor ar fi tras cu o arm\u0103 cu bile din plastic, nesupus\u0103rii autoriz\u0103rii, de tip pistol airsoft, asupra a doi minori, \u00een v\u00e2rst\u0103 de 14 \u0219i 15 ani, din Satu Nou, afla\u021bi pe un drum public, \u0219i ar fi provocat o stare de temere \u0219i indignare \u00een cadrul comunit\u0103\u021bii\u201d, au transmis reprezentan\u021bii IPJ Vaslui.\u00a0<\/p>\n<p>\u00cen urma acestui incident, minorii au fost lovi\u021bi de bilele de plastic \u00een zona coapsei piciorului drept, respectiv \u00een zona pieptului, unul dintre ei suferind v\u00e2n\u0103t\u0103i \u0219i zg\u00e2rieturi.<\/p>\n<p>Potrivit oamenilor legii, b\u0103rbatul b\u0103nuit de s\u0103v\u00e2r\u0219irea infrac\u021biunilor a fost depistat de un echipaj de poli\u021bie \u00eentr-un autoturism, la intrarea \u00een municipiul Vaslui, \u00een suburbia Moara Grecilor. Ulterior, a fost identificat pistolul care ar fi fost folosit, dar \u0219i o pung\u0103 cu mai multe bile din plastic.<\/p>\n<p>\u00cen cursul zilei de joi a fost dispus\u0103 re\u021binerea b\u0103rbatului pentru 24 de ore \u0219i urmeaz\u0103 s\u0103 fie prezentat Parchetului de pe l\u00e2ng\u0103 Judec\u0103toria Vaslui, pentru dispunerea unei m\u0103suri preventive.<\/p>","protected":false},"excerpt":{"rendered":"<p>Scenele desprinse din filmele de groaz\u0103 au avut loc \u00een jurul orei 21:00, pe un&hellip;<\/p>\n","protected":false},"author":0,"featured_media":33331,"comment_status":"open","ping_status":"open","sticky":false,"template":"","format":"standard","meta":{"footnotes":""},"categories":[2],"tags":[],"class_list":["post-33330","post","type-post","status-publish","format-standard","has-post-thumbnail","hentry","category-actual"],"_links":{"self":[{"href":"https:\/\/247stiri.ro\/index.php\/wp-json\/wp\/v2\/posts\/33330","targetHints":{"allow":["GET"]}}],"collection":[{"href":"https:\/\/247stiri.ro\/index.php\/wp-json\/wp\/v2\/posts"}],"about":[{"href":"https:\/\/247stiri.ro\/index.php\/wp-json\/wp\/v2\/types\/post"}],"replies":[{"embeddable":true,"href":"https:\/\/247stiri.ro\/index.php\/wp-json\/wp\/v2\/comments?post=33330"}],"version-history":[{"count":0,"href":"https:\/\/247stiri.ro\/index.php\/wp-json\/wp\/v2\/posts\/33330\/revisions"}],"wp:featuredmedia":[{"embeddable":true,"href":"https:\/\/247stiri.ro\/index.php\/wp-json\/wp\/v2\/media\/33331"}],"wp:attachment":[{"href":"https:\/\/247stiri.ro\/index.php\/wp-json\/wp\/v2\/media?parent=33330"}],"wp:term":[{"taxonomy":"category","embeddable":true,"href":"https:\/\/247stiri.ro\/index.php\/wp-json\/wp\/v2\/categories?post=33330"},{"taxonomy":"post_tag","embeddable":true,"href":"https:\/\/247stiri.ro\/index.php\/wp-json\/wp\/v2\/tags?post=33330"}],"curies":[{"name":"wp","href":"https:\/\/api.w.org\/{rel}","templated":true}]}}