{"id":33332,"date":"2025-02-20T15:48:41","date_gmt":"2025-02-20T15:48:41","guid":{"rendered":"https:\/\/247stiri.ro\/index.php\/2025\/02\/20\/george-simion-si-celebrul-nigel-farage-l-au-intepat-pe-ciolacu-direct-din-washington-dc-stanga-moare\/"},"modified":"2025-02-20T15:48:41","modified_gmt":"2025-02-20T15:48:41","slug":"george-simion-si-celebrul-nigel-farage-l-au-intepat-pe-ciolacu-direct-din-washington-dc-stanga-moare","status":"publish","type":"post","link":"https:\/\/247stiri.ro\/index.php\/2025\/02\/20\/george-simion-si-celebrul-nigel-farage-l-au-intepat-pe-ciolacu-direct-din-washington-dc-stanga-moare\/","title":{"rendered":"George Simion \u0219i celebrul Nigel Farage l-au \u00een\u021bepat pe Ciolacu direct din Washington DC: \u201dSt\u00e2nga moare\u201d"},"content":{"rendered":"<p>Pre\u0219edintele AUR \u0219i liderul suverani\u0219tilor rom\u00e2ni, George Simion, se afl\u0103 \u00een aceste zile \u00een Statele Unite ale Americii, la Washington, pentru a participa, \u00een calitate de invitat special, la Conservative Political Action Conference (CPAC), cea mai mare conferin\u021b\u0103 a liderilor conservatori din lume.<\/p>\n<p>Simion s-a \u00eent\u00e2lnit acolo \u0219i cu Nigel Farage, liderul partidului britanic Reform UK \u0219i membru \u00een Parlamentul Regatului Unit, \u0219i i-au transmis \u00eempreun\u0103 un mesaj lui Marcel Ciolacu, premierul Rom\u00e2niei.<\/p>\n<p>\u201eSt\u00e2nga moare, istoria voastr\u0103&#8230; exist\u0103 un nou val care str\u0103bate lumea occidental\u0103. Ia-\u021bi la revedere!\u201d, i-a transmis Nigel Farage lui Ciolacu.<\/p>\n<p>\ud83c\uddf7\ud83c\uddf4\ud83c\uddec\ud83c\udde7 Nigel Farage sends an important message to the Prime Minister of Romania, who was also involved in the annulment of the Romanian elections <a href=\"https:\/\/t.co\/89UDk9rg3v\">pic.twitter.com\/89UDk9rg3v<\/a><\/p>\n<p>\u2014 Daily Romania (@daily_romania) <a href=\"https:\/\/twitter.com\/daily_romania\/status\/1892527530441134082?ref_src=twsrc%5Etfw\">February 20, 2025<\/a><\/p>\n<p>George Simion\u00a0face parte dintr-o delega\u021bie a partidului\u00a0ECR, acolo unde ocup\u0103 func\u021bia de vicepre\u0219edinte. Acesta va avea \u00eentrevederi cu persoane importante, precum strategul Steve Bannon, diplomatul american Richard Grenell, Eduardo Bolsonaro, membru al Camerei Deputa\u021bilor din Brazilia \u0219i Nigel Farage, membru al Parlamentului din Regatul Unit.<\/p>\n<p>De asemenea, pre\u0219edintele AUR va acorda interviuri pentru institu\u021bii media conservatoare importante, precum Fox News, Newsmax sau Washington Times.<\/p>\n<p>Printre liderii al\u0103turi de care George Simion s-a aflat la mas\u0103 se num\u0103r\u0103 Steve Bannon, fost Strateg \u0218ef \u0219i Consilier Principal al lui Donald Trump, Richard Grenell, fost director al Informa\u021biilor Na\u021bionale \u0219i emisar special al pre\u0219edintelui Donald Trump, so\u021bii Matt \u0219i Mercedes Schlapp, organizatorii CPAC, Nigel Farage, politician britanic cunoscut pentru discursurile sale pro-Brexit, Eduardo Bolsonaro, fiul fostului pre\u0219edinte brazilian Jair Bolsonaro, \u0219i Carla Sands, fosta ambasadoare a SUA \u00een Danemarca.<\/p>","protected":false},"excerpt":{"rendered":"<p>Pre\u0219edintele AUR \u0219i liderul suverani\u0219tilor rom\u00e2ni, George Simion, se afl\u0103 \u00een aceste zile \u00een Statele&hellip;<\/p>\n","protected":false},"author":0,"featured_media":33333,"comment_status":"open","ping_status":"open","sticky":false,"template":"","format":"standard","meta":{"footnotes":""},"categories":[2],"tags":[],"class_list":["post-33332","post","type-post","status-publish","format-standard","has-post-thumbnail","hentry","category-actual"],"_links":{"self":[{"href":"https:\/\/247stiri.ro\/index.php\/wp-json\/wp\/v2\/posts\/33332","targetHints":{"allow":["GET"]}}],"collection":[{"href":"https:\/\/247stiri.ro\/index.php\/wp-json\/wp\/v2\/posts"}],"about":[{"href":"https:\/\/247stiri.ro\/index.php\/wp-json\/wp\/v2\/types\/post"}],"replies":[{"embeddable":true,"href":"https:\/\/247stiri.ro\/index.php\/wp-json\/wp\/v2\/comments?post=33332"}],"version-history":[{"count":0,"href":"https:\/\/247stiri.ro\/index.php\/wp-json\/wp\/v2\/posts\/33332\/revisions"}],"wp:featuredmedia":[{"embeddable":true,"href":"https:\/\/247stiri.ro\/index.php\/wp-json\/wp\/v2\/media\/33333"}],"wp:attachment":[{"href":"https:\/\/247stiri.ro\/index.php\/wp-json\/wp\/v2\/media?parent=33332"}],"wp:term":[{"taxonomy":"category","embeddable":true,"href":"https:\/\/247stiri.ro\/index.php\/wp-json\/wp\/v2\/categories?post=33332"},{"taxonomy":"post_tag","embeddable":true,"href":"https:\/\/247stiri.ro\/index.php\/wp-json\/wp\/v2\/tags?post=33332"}],"curies":[{"name":"wp","href":"https:\/\/api.w.org\/{rel}","templated":true}]}}