{"id":33334,"date":"2025-02-20T15:48:42","date_gmt":"2025-02-20T15:48:42","guid":{"rendered":"https:\/\/247stiri.ro\/index.php\/2025\/02\/20\/george-simion-liderul-suveranistilor-romani-in-direct-la-culisele-statului-paralel-ce-a-vorbit-george-simion-a-vorbit-cu-mana-dreapta-a-lui-trump-richard-grenell\/"},"modified":"2025-02-20T15:48:42","modified_gmt":"2025-02-20T15:48:42","slug":"george-simion-liderul-suveranistilor-romani-in-direct-la-culisele-statului-paralel-ce-a-vorbit-george-simion-a-vorbit-cu-mana-dreapta-a-lui-trump-richard-grenell","status":"publish","type":"post","link":"https:\/\/247stiri.ro\/index.php\/2025\/02\/20\/george-simion-liderul-suveranistilor-romani-in-direct-la-culisele-statului-paralel-ce-a-vorbit-george-simion-a-vorbit-cu-mana-dreapta-a-lui-trump-richard-grenell\/","title":{"rendered":"George Simion, liderul suverani\u0219tilor rom\u00e2ni, \u00een direct la Culisele Statului Paralel. Ce a vorbit George Simion a vorbit cu m\u00e2na dreapt\u0103 a lui Trump, Richard Grenell"},"content":{"rendered":"<p>Liderul AUR a stat chiar la aceea\u0219i mas\u0103 cu Richard Grenell \u00een prima zi a conferin\u021bei.<\/p>\n<p>\u00cent\u00e2lnirea are loc \u00een contextul unui turneu interna\u021bional pe care liderul AUR \u00eel desf\u0103\u0219oar\u0103 \u00een aceste zile.<\/p>\n<p>Simion a vizitat anterior\u00a0Munchen\u00a0\u0219i Londra, iar acum se afl\u0103 \u00een capitala SUA, unde particip\u0103 la unul dintre cele mai importante evenimente ale conservatorilor americani.<\/p>","protected":false},"excerpt":{"rendered":"<p>Liderul AUR a stat chiar la aceea\u0219i mas\u0103 cu Richard Grenell \u00een prima zi a&hellip;<\/p>\n","protected":false},"author":0,"featured_media":33327,"comment_status":"open","ping_status":"open","sticky":false,"template":"","format":"standard","meta":{"footnotes":""},"categories":[2],"tags":[],"class_list":["post-33334","post","type-post","status-publish","format-standard","has-post-thumbnail","hentry","category-actual"],"_links":{"self":[{"href":"https:\/\/247stiri.ro\/index.php\/wp-json\/wp\/v2\/posts\/33334","targetHints":{"allow":["GET"]}}],"collection":[{"href":"https:\/\/247stiri.ro\/index.php\/wp-json\/wp\/v2\/posts"}],"about":[{"href":"https:\/\/247stiri.ro\/index.php\/wp-json\/wp\/v2\/types\/post"}],"replies":[{"embeddable":true,"href":"https:\/\/247stiri.ro\/index.php\/wp-json\/wp\/v2\/comments?post=33334"}],"version-history":[{"count":0,"href":"https:\/\/247stiri.ro\/index.php\/wp-json\/wp\/v2\/posts\/33334\/revisions"}],"wp:featuredmedia":[{"embeddable":true,"href":"https:\/\/247stiri.ro\/index.php\/wp-json\/wp\/v2\/media\/33327"}],"wp:attachment":[{"href":"https:\/\/247stiri.ro\/index.php\/wp-json\/wp\/v2\/media?parent=33334"}],"wp:term":[{"taxonomy":"category","embeddable":true,"href":"https:\/\/247stiri.ro\/index.php\/wp-json\/wp\/v2\/categories?post=33334"},{"taxonomy":"post_tag","embeddable":true,"href":"https:\/\/247stiri.ro\/index.php\/wp-json\/wp\/v2\/tags?post=33334"}],"curies":[{"name":"wp","href":"https:\/\/api.w.org\/{rel}","templated":true}]}}