{"id":33335,"date":"2025-02-20T15:48:42","date_gmt":"2025-02-20T15:48:42","guid":{"rendered":"https:\/\/247stiri.ro\/index.php\/2025\/02\/20\/jaful-tezaurului-dacic-din-olanda-a-fost-prins-al-patrulea-suspect-este-un-barbat-de-26-de-ani\/"},"modified":"2025-02-20T15:48:42","modified_gmt":"2025-02-20T15:48:42","slug":"jaful-tezaurului-dacic-din-olanda-a-fost-prins-al-patrulea-suspect-este-un-barbat-de-26-de-ani","status":"publish","type":"post","link":"https:\/\/247stiri.ro\/index.php\/2025\/02\/20\/jaful-tezaurului-dacic-din-olanda-a-fost-prins-al-patrulea-suspect-este-un-barbat-de-26-de-ani\/","title":{"rendered":"Jaful tezaurului dacic din Olanda. A fost prins al patrulea suspect. Este un b\u0103rbat de 26 de ani"},"content":{"rendered":"<p>Potrivit rtvdrenthe.nl, poli\u0163i\u015ftii subliniaz\u0103 c\u0103 nu este vorba despre b\u0103rbatul care a fost fotografiat \u00eentr-un magazin din Assen.<\/p>\n<p>T\u00e2n\u0103rul de 26 de ani a fost arestat joi diminea\u0163\u0103, la Obdam. Tezaurul nu a fost \u00eenc\u0103 g\u0103sit.<\/p>\n<p>Cei trei\u00a0<a href=\"https:\/\/www.realitatea.net\/stiri\/actual\/suspectii-in-cazul-furtului-tezaurului-dacic-audiati-astazi-de-un-tribunal-de-instructie-unul-dintre-ei-are-un-cazier-impresionat_679c85e84d0f9c5e6741a8e2\" target=\"_blank\">suspec\u0163i<\/a>\u00a0aresta\u0163i pentru furtul\u00a0<a href=\"https:\/\/www.realitatea.net\/stiri\/actual\/erori-uriase-au-dus-la-furtul-tezaurului-marilor-regi-daci-raport-devastator-al-corpului-de-control-al-guvernului_67a4d15dc94fe125f62809e2\" target=\"_blank\">tezaurului dacic<\/a>\u00a0din Muzeul Drents din Assen (Olanda) nu vor fi elibera\u0163i prea cur\u00e2nd. Instan\u021ba a decis ca doi dintre ei s\u0103 r\u0103m\u00e2n\u0103 \u00een arest pentru \u00eenc\u0103 90 de zile.\u00a0<\/p>\n<p>Conform deciziei luate de Camera de consiliu a tribunalului din Noord-Nederland, cei trei suspec\u021bi se vor prezenta pentru prima dat\u0103 \u00een fa\u0163a judec\u0103torului pe 9 mai. Aceasta va fi o a\u015fa-numit\u0103 audiere pro forma, fapt ce \u00eenseamn\u0103 c\u0103 dosarul nu va fi \u00eenc\u0103 tratat \u00een fond.<\/p>\n<p><a href=\"https:\/\/www.realitatea.net\/stiri\/actual\/ei-sunt-barbatii-acuzati-ca-au-furat-tezaurul-dacic-politia-olandeza-a-publicat-pozele-in-incercarea-de-al-gasi-pe-al-patrulea_679bee07c4d49057952c28a9\" target=\"_blank\">Ei sunt b\u0103rba\u021bii acuza\u021bi c\u0103 au furat tezaurul dacic. Poli\u021bia olandez\u0103 a publicat pozele, \u00een \u00eencercarea de a-l g\u0103si pe al patrulea<\/a><\/p>\n<p>Cei doi b\u0103rba\u0163i \u015fi o femeie din Heerhugowaard sunt suspecta\u0163i de implicare \u00een jaful halucinant de la muzeul olandez.<\/p>\n<p><a href=\"https:\/\/www.realitatea.net\/stiri\/actual\/ministrul-finantelor-despre-eventuala-recompensa-pentru-recuperearea-tezaurului-furat-in-olanda-trebuie-sa-avem-pregatit-tot-timpul-rezerve-in-buget_679df6361c093b50216fa6f2\" target=\"_blank\">Ministrul Finan\u021belor, despre eventuala RECOMPENS\u0102 pentru recuperearea TEZAURULUI furat \u00een Olanda: Trebuie s\u0103 avem preg\u0103tit tot timpul rezerve \u00een buget<\/a>\u00a0<\/p>\n<p>Reamintim c\u0103 \u00een noaptea de 24 spre 25 ianuarie au fost furate patru comori de art\u0103 din Rom\u00e2nia. Piesele f\u0103ceau parte din expozi\u0163ia &#8222;Dacia! Empire of Gold and Silver&#8221;. Este vorba despre Coiful de la Co\u0163ofene\u015fti \u015fi trei br\u0103\u0163\u0103ri de aur. \u00cen prezent, operele de\u00a0art\u0103 sunt \u00eenc\u0103 disp\u0103rute.\u00a0<\/p>\n<p>\u00cen cadrul anchetei, poli\u0163ia a distribuit numele \u015fi fotografiile celor doi b\u0103rba\u0163i suspec\u0163i: Bernhard Z. \u015fi Douglas W. Prin divulgarea identit\u0103\u0163ii acestora, poli\u0163ia sper\u0103 s\u0103 afle c\u00e2t mai cur\u00e2nd posibil unde a disp\u0103rut aurul. De asemenea, poli\u0163ia caut\u0103 un al patrulea\u00a0<a href=\"https:\/\/www.realitatea.net\/stiri\/actual\/politistii-lau-identificat-pe-al-patrulea-suspect-al-furtului-tezaurului-dacic-de-la-muzeul-din-olanda_67a265b885ca3c20aa6d6962\" target=\"_blank\">suspect<\/a>, ale c\u0103rui fotografii au fost difuzate atunci c\u00e2nd acesta se afla la Praxis din Assen, cu o zi \u015fi jum\u0103tate \u00eenainte de furtul exponatelor.<\/p>\n<p><a href=\"https:\/\/www.realitatea.net\/stiri\/actual\/bataie-de-joc-din-partea-autoritatilor-olandeze-despagubirile-pentru-tezaur-furat-nu-vin-curand-este-prea-devreme_679f1ae75da99741c0710862\" target=\"_blank\">B\u0103taie de joc din partea autorit\u0103\u021bilor olandeze! Desp\u0103gubirile pentru TEZAUR FURAT nu vin cur\u00e2nd: &#8222;Este prea devreme&#8221;<\/a>\u00a0<\/p>\n<p>\u00cen cazul \u00een care coiful \u015fi br\u0103\u0163\u0103rile de aur nu vor fi g\u0103site, guvernul olandez se poate a\u015ftepta la o cerere de\u00a0<a href=\"https:\/\/www.realitatea.net\/stiri\/actual\/furtul-tezaurului-identitatii-nationale-ar-putea-costa-statul-olandez-mai-putin-de-6-milioane-de-euro-daca-piesele-nu-sunt-gasite_67a5db671f5a3f6f46567d42\" target=\"_blank\">desp\u0103gubire<\/a>. Mai exact, furtul ar putea costa statul olandez aproximativ 6 milioane de euro, \u00een cazul \u00een care artefactele nu sunt recuperate, a anun\u021bat presa local\u0103. Ministerul olandez al Educa\u0163iei, Culturii \u015fi \u015etiin\u0163ei a confirmat informa\u0163ia.<\/p>","protected":false},"excerpt":{"rendered":"<p>Potrivit rtvdrenthe.nl, poli\u0163i\u015ftii subliniaz\u0103 c\u0103 nu este vorba despre b\u0103rbatul care a fost fotografiat \u00eentr-un&hellip;<\/p>\n","protected":false},"author":0,"featured_media":33325,"comment_status":"open","ping_status":"open","sticky":false,"template":"","format":"standard","meta":{"footnotes":""},"categories":[2],"tags":[],"class_list":["post-33335","post","type-post","status-publish","format-standard","has-post-thumbnail","hentry","category-actual"],"_links":{"self":[{"href":"https:\/\/247stiri.ro\/index.php\/wp-json\/wp\/v2\/posts\/33335","targetHints":{"allow":["GET"]}}],"collection":[{"href":"https:\/\/247stiri.ro\/index.php\/wp-json\/wp\/v2\/posts"}],"about":[{"href":"https:\/\/247stiri.ro\/index.php\/wp-json\/wp\/v2\/types\/post"}],"replies":[{"embeddable":true,"href":"https:\/\/247stiri.ro\/index.php\/wp-json\/wp\/v2\/comments?post=33335"}],"version-history":[{"count":0,"href":"https:\/\/247stiri.ro\/index.php\/wp-json\/wp\/v2\/posts\/33335\/revisions"}],"wp:featuredmedia":[{"embeddable":true,"href":"https:\/\/247stiri.ro\/index.php\/wp-json\/wp\/v2\/media\/33325"}],"wp:attachment":[{"href":"https:\/\/247stiri.ro\/index.php\/wp-json\/wp\/v2\/media?parent=33335"}],"wp:term":[{"taxonomy":"category","embeddable":true,"href":"https:\/\/247stiri.ro\/index.php\/wp-json\/wp\/v2\/categories?post=33335"},{"taxonomy":"post_tag","embeddable":true,"href":"https:\/\/247stiri.ro\/index.php\/wp-json\/wp\/v2\/tags?post=33335"}],"curies":[{"name":"wp","href":"https:\/\/api.w.org\/{rel}","templated":true}]}}