{"id":33338,"date":"2025-02-20T15:48:43","date_gmt":"2025-02-20T15:48:43","guid":{"rendered":"https:\/\/247stiri.ro\/index.php\/2025\/02\/20\/emil-hurezeanu-daca-romania-risca-sa-intre-in-sfera-de-influenta-a-rusiei-nu-am-aceste-date-nu-avem-concluzii-si-nici-confirmari\/"},"modified":"2025-02-20T15:48:43","modified_gmt":"2025-02-20T15:48:43","slug":"emil-hurezeanu-daca-romania-risca-sa-intre-in-sfera-de-influenta-a-rusiei-nu-am-aceste-date-nu-avem-concluzii-si-nici-confirmari","status":"publish","type":"post","link":"https:\/\/247stiri.ro\/index.php\/2025\/02\/20\/emil-hurezeanu-daca-romania-risca-sa-intre-in-sfera-de-influenta-a-rusiei-nu-am-aceste-date-nu-avem-concluzii-si-nici-confirmari\/","title":{"rendered":"Emil Hurezeanu, dac\u0103 Rom\u00e2nia risc\u0103 s\u0103 intre \u00een sfera de influen\u021b\u0103 a Rusiei: \u201dNu am aceste date. Nu avem concluzii \u015fi nici confirm\u0103ri\u201d"},"content":{"rendered":"<p>Ministrul de Externe, Emil Hurezeanu, a fost \u00eentrebat dac\u0103 risc\u0103 Rom\u00e2nia s\u0103 intre \u00een sfera de influen\u0163\u0103 a Rusiei, la fel ca \u00een 1945.<\/p>\n<p>\u201dNu, suntem membri NATO \u015fi UE, cu baze militare americane \u00een Dobrogea \u015fi cu o prezen\u0163\u0103 militar\u0103 \u015fi tratate sigure de parteneriat strategic \u00een UE, cu SUA, \u00een NATO. Sunt garan\u0163iile deja existente, consemnate din parteneriatul strategic bilateral \u015fi ca alia\u0163i ai Alian\u0163ei Nord Atlantice\u201d, a spus Hurezeanu.<\/p>\n<p>Despre faptul c\u0103 americanii \u015fi ru\u015fii ar fi discutat, la Riad, despre \u00eemp\u0103r\u0163irea sferelor de influen\u0163\u0103 \u00een Europa, ministrul a r\u0103spuns: \u201dNu am aceste date, acum\u201d.<\/p>\n<p>\u201dAu existat multe discu\u0163ii, la Riad \u015fi pe alte re\u0163ele, au chiar loc negocieri, \u00een aceast\u0103 faz\u0103, ele nu sunt definitive. \u00cenc\u0103 nu avem concluzii \u015fi nu avem nici confirm\u0103ri\u201d, a completat el.<\/p>\n<p>Despre ce ar trebui s\u0103 fac\u0103 Rom\u00e2nia \u00een acest context, Emil Hurezeanu a spus c\u0103 \u0163ara noastr\u0103 trebuie s\u0103 intre \u00een procesul de negociere.<\/p>\n<p>\u201dCeea ce cerem de la \u00eenceput, intrarea \u00een procesul de negocieri\u201d, a subliniat Hurezeanu.<\/p>\n<p>\u015eeful Cancelariei Preziden\u0163iale, Cristian Diaconescu, a afirmat, miercuri sear\u0103, c\u0103 este \u201dun moment dramatic\u201d pe plan interna\u0163ional, discu\u0163iile ruso-americane put\u00e2nd s\u0103 schimbe situa\u0163ia \u00een orice moment.<\/p>\n<p>El a precizat c\u0103 a\u015ftept\u0103rile ru\u015filor \u0163in de retragerea garan\u0163iilor de securitate ale NATO pe aliniamentul din 1997, astfel \u00eenc\u0103t noi, care am intrat dup\u0103 acest moment, s\u0103 nu mai beneficiem de aceste garan\u0163ii de securitate.<\/p>","protected":false},"excerpt":{"rendered":"<p>Ministrul de Externe, Emil Hurezeanu, a fost \u00eentrebat dac\u0103 risc\u0103 Rom\u00e2nia s\u0103 intre \u00een sfera&hellip;<\/p>\n","protected":false},"author":0,"featured_media":33339,"comment_status":"open","ping_status":"open","sticky":false,"template":"","format":"standard","meta":{"footnotes":""},"categories":[2],"tags":[],"class_list":["post-33338","post","type-post","status-publish","format-standard","has-post-thumbnail","hentry","category-actual"],"_links":{"self":[{"href":"https:\/\/247stiri.ro\/index.php\/wp-json\/wp\/v2\/posts\/33338","targetHints":{"allow":["GET"]}}],"collection":[{"href":"https:\/\/247stiri.ro\/index.php\/wp-json\/wp\/v2\/posts"}],"about":[{"href":"https:\/\/247stiri.ro\/index.php\/wp-json\/wp\/v2\/types\/post"}],"replies":[{"embeddable":true,"href":"https:\/\/247stiri.ro\/index.php\/wp-json\/wp\/v2\/comments?post=33338"}],"version-history":[{"count":0,"href":"https:\/\/247stiri.ro\/index.php\/wp-json\/wp\/v2\/posts\/33338\/revisions"}],"wp:featuredmedia":[{"embeddable":true,"href":"https:\/\/247stiri.ro\/index.php\/wp-json\/wp\/v2\/media\/33339"}],"wp:attachment":[{"href":"https:\/\/247stiri.ro\/index.php\/wp-json\/wp\/v2\/media?parent=33338"}],"wp:term":[{"taxonomy":"category","embeddable":true,"href":"https:\/\/247stiri.ro\/index.php\/wp-json\/wp\/v2\/categories?post=33338"},{"taxonomy":"post_tag","embeddable":true,"href":"https:\/\/247stiri.ro\/index.php\/wp-json\/wp\/v2\/tags?post=33338"}],"curies":[{"name":"wp","href":"https:\/\/api.w.org\/{rel}","templated":true}]}}