{"id":33341,"date":"2025-02-20T15:48:44","date_gmt":"2025-02-20T15:48:44","guid":{"rendered":"https:\/\/247stiri.ro\/index.php\/2025\/02\/20\/intalnire-intre-ministrul-ucrainean-de-externe-si-keith-kellogg-au-discutat-despre-o-pace-justa-si-durabila\/"},"modified":"2025-02-20T15:48:44","modified_gmt":"2025-02-20T15:48:44","slug":"intalnire-intre-ministrul-ucrainean-de-externe-si-keith-kellogg-au-discutat-despre-o-pace-justa-si-durabila","status":"publish","type":"post","link":"https:\/\/247stiri.ro\/index.php\/2025\/02\/20\/intalnire-intre-ministrul-ucrainean-de-externe-si-keith-kellogg-au-discutat-despre-o-pace-justa-si-durabila\/","title":{"rendered":"\u00cent\u00e2lnire \u00eentre ministrul ucrainean de Externe \u0219i Keith Kellogg: au discutat despre o \u201dpace just\u0103 \u0219i durabil\u0103\u201d"},"content":{"rendered":"<p>Vizita lui Keith Kellogg la Kiev intervine \u00eentr-un moment dificil din punct de vedere diplomatic pentru Ucraina, dup\u0103 ce pre\u015fedintele american Donald Trump a pus cap\u0103t izol\u0103rii politice a liderului rus Vladimir Putin, s-a angajat \u00een discu\u0163ii bilaterale cu Moscova \u015fi, de atunci, s-a f\u0103cut ecoul liniilor ruse\u015fti cu privire la Ucraina, av\u00e2nd remarci dure la adresa pre\u015fedintelui Volodimir Zelenski.<\/p>\n<p>\u201eAm afirmat dorin\u0163a Ucrainei de a ob\u0163ine pacea prin for\u0163\u0103 \u015fi viziunea noastr\u0103 pentru pa\u015fii necesari\u201d, a declarat S\u00eebiha \u00eentr-o postare pe X.<\/p>\n<p>El i-a reiterat lui Kellogg, care a sosit miercuri \u00een capitala ucrainean\u0103 \u015fi a declarat c\u0103 \u201eva sta \u015fi va asculta\u201d, ca parte a misiunii sale, c\u0103 securitatea Ucrainei \u015fi cea transatlantic\u0103 sunt \u201eindivizibile\u201d.<\/p>\n<p>Pre\u015fedintele ucrainean Volodimir Zelenski urma s\u0103 aib\u0103 \u015fi el o \u00eent\u00e2lnire cu Kellogg joi. Trimisul lui Donald Trump s-a \u00eent\u00e2lnit deja cu comandantul suprem al armatei ucrainene, cu \u015fefii serviciilor de informa\u0163ii \u015fi ai serviciilor speciale.<\/p>\n<p>\u00cen ultimele dou\u0103 zile, Trump a declarat c\u0103 Ucraina \u201enu ar fi trebuit s\u0103 \u00eenceap\u0103 niciodat\u0103\u201d r\u0103zboiul, lansat de Rusia \u00een 2022, l-a numit pe Zelenski un \u201edictator f\u0103r\u0103 alegeri\u201d \u015fi a r\u0103sp\u00e2ndit date false despre ratingurile sale politice.<\/p>\n<p>Zelenski a r\u0103spuns acuza\u0163iilor spun\u00e2nd c\u0103 Trump este prins \u00eentr-o \u201ebul\u0103 de dezinformare\u201d, cu falsuri provenind din Rusia, dar mai t\u00e2rziu pre\u015fedintele ucrainean a spus c\u0103 se bazeaz\u0103 \u00een continuare pe pragmatismul american.<\/p>","protected":false},"excerpt":{"rendered":"<p>Vizita lui Keith Kellogg la Kiev intervine \u00eentr-un moment dificil din punct de vedere diplomatic&hellip;<\/p>\n","protected":false},"author":0,"featured_media":33342,"comment_status":"open","ping_status":"open","sticky":false,"template":"","format":"standard","meta":{"footnotes":""},"categories":[2],"tags":[],"class_list":["post-33341","post","type-post","status-publish","format-standard","has-post-thumbnail","hentry","category-actual"],"_links":{"self":[{"href":"https:\/\/247stiri.ro\/index.php\/wp-json\/wp\/v2\/posts\/33341","targetHints":{"allow":["GET"]}}],"collection":[{"href":"https:\/\/247stiri.ro\/index.php\/wp-json\/wp\/v2\/posts"}],"about":[{"href":"https:\/\/247stiri.ro\/index.php\/wp-json\/wp\/v2\/types\/post"}],"replies":[{"embeddable":true,"href":"https:\/\/247stiri.ro\/index.php\/wp-json\/wp\/v2\/comments?post=33341"}],"version-history":[{"count":0,"href":"https:\/\/247stiri.ro\/index.php\/wp-json\/wp\/v2\/posts\/33341\/revisions"}],"wp:featuredmedia":[{"embeddable":true,"href":"https:\/\/247stiri.ro\/index.php\/wp-json\/wp\/v2\/media\/33342"}],"wp:attachment":[{"href":"https:\/\/247stiri.ro\/index.php\/wp-json\/wp\/v2\/media?parent=33341"}],"wp:term":[{"taxonomy":"category","embeddable":true,"href":"https:\/\/247stiri.ro\/index.php\/wp-json\/wp\/v2\/categories?post=33341"},{"taxonomy":"post_tag","embeddable":true,"href":"https:\/\/247stiri.ro\/index.php\/wp-json\/wp\/v2\/tags?post=33341"}],"curies":[{"name":"wp","href":"https:\/\/api.w.org\/{rel}","templated":true}]}}