{"id":33347,"date":"2025-02-20T16:44:48","date_gmt":"2025-02-20T16:44:48","guid":{"rendered":"https:\/\/247stiri.ro\/index.php\/2025\/02\/20\/catalin-predoiu-raspunde-acuzatiilor-ca-politia-romana-face-politie-politica-suntem-obligati-sa-aplicam-legea\/"},"modified":"2025-02-20T16:44:48","modified_gmt":"2025-02-20T16:44:48","slug":"catalin-predoiu-raspunde-acuzatiilor-ca-politia-romana-face-politie-politica-suntem-obligati-sa-aplicam-legea","status":"publish","type":"post","link":"https:\/\/247stiri.ro\/index.php\/2025\/02\/20\/catalin-predoiu-raspunde-acuzatiilor-ca-politia-romana-face-politie-politica-suntem-obligati-sa-aplicam-legea\/","title":{"rendered":"C\u0103t\u0103lin Predoiu r\u0103spunde acuza\u0163iilor c\u0103 Poli\u0163ia Rom\u00e2n\u0103 face poli\u0163ie politic\u0103: Suntem obliga\u021bi s\u0103 aplic\u0103m legea!"},"content":{"rendered":"<p>\u0103t\u0103lin Predoiu a r\u0103spuns, \u00eentr-un comunicat de pres\u0103, la interpelarea deputatei AUR Lidia Vadim Tudor, afirm\u00e2nd c\u0103, de mai multe s\u0103pt\u0103m\u00e2ni, este acuzat de unii politicieni din opozi\u0163ie de \u00eenc\u0103lcarea \u201elibert\u0103\u0163ii de a vorbi\u201d fa\u0163\u0103 de \u201emai mul\u0163i cet\u0103\u0163eni rom\u00e2ni\u201d, prin interven\u0163ia, pretins abuziv\u0103, a Poli\u0163iei Rom\u00e2ne, care ar \u201eface poli\u0163ie politic\u0103\u201d, iar prin aceasta ar fi \u00eenc\u0103lcat\u0103 democra\u0163ia.<\/p>\n<p>\u00a0<\/p>\n<p>\u201dAceste acuza\u0163ii variaz\u0103 \u00een ton \u015fi limbaj de la caz la caz, de la tonul firesc al unei critici exprimate \u00een termeni civiliza\u0163i p\u00e2n\u0103 la jigniri \u015fi, uneori, chiar amenin\u0163\u0103ri voalate. Ocazional, mi se cere demisia, a\u015fa cum a f\u0103cut ieri, \u00een plenul Parlamentului, doamna deputat Lidia Vadim Tudor. Resping categoric toate aceste acuza\u0163ii\u201d, arat\u0103 ministrul de Interne.<\/p>\n<p>C\u0103t\u0103lin Predoiu precizeaz\u0103 c\u0103 \u201dlibertatea de exprimare este un drept fundamental garantat de Constitu\u0163ia Rom\u00e2niei \u015fi de tratatele interna\u0163ionale la care \u0163ara noastr\u0103 este parte\u201d.<\/p>\n<p>\u201dLibertatea de exprimare sau \u201elibertatea de a vorbi\u201d (cf. deputatei Lidia Vadim Tudor), consfiin\u0163it\u0103 \u00een art. 30 din Constitu\u0163ie, presupune exprimarea \u00een public a g\u00e2ndurilor, opiniilor, credin\u0163elor religioase \u015fi crea\u0163iilor spirituale de orice fel.\u00a0Existen\u0163a unor coordonate juridice \u00eenl\u0103untrul c\u0103rora se exercit\u0103 libertatea de exprimare implic\u0103 \u015fi o r\u0103spundere juridic\u0103 pentru dep\u0103\u015firea acestor limite, altfel spus pentru abuzul \u00een exercitarea acestei libert\u0103\u0163i. De aceea tot art. 30 din Constitu\u0163ie stabile\u015fte formele r\u0103spunderii \u015fi subiectele r\u0103spunderii. Astfel, \u00een alin. 8 sunt stabilite explicit dou\u0103 forme ale r\u0103spunderii \u015fi anume r\u0103spunderea civil\u0103 \u015fi r\u0103spunderea penal\u0103.\u00a0Prin urmare, mai simplu spus, \u201elibertatea de a vorbi\u201d nu \u00eenseamn\u0103 libertatea de a jigni. Sau, mai general, exercitarea unui drept exclude abuzul de drept\u201d, arat\u0103 ministrul.\u00a0<\/p>\n<p>\u00a0<\/p>\n<p>Oficialul d\u0103 asigur\u0103ri c\u0103 \u201dMinisterul Afacerilor Interne respect\u0103 cu stricte\u0163e dreptul fiec\u0103rui cet\u0103\u0163ean de a-\u015fi exprima opiniile \u00een mod liber\u201d.<\/p>\n<p>\u201dMilioane de cet\u0103\u0163eni o fac zilnic, permanent \u015fi nestingheri\u0163i, indiferent de con\u0163inutul comunic\u0103rii publice, de mijlocul de comunicare sau de locul comunic\u0103rii. O fac beneficiind inclusiv de ordinea \u015fi siguran\u0163a public\u0103 asigurat\u0103 de institu\u0163iile statului, inclusiv de poli\u0163i\u015ftii \u00eencadra\u0163i \u00een Ministerul Afacerilor Interne\u201d, explic\u0103 Predoiu.<\/p>\n<p>Ministrul mai arat\u0103 c\u0103 Legea \u00een vigoare impune \u015fi oblig\u0103 institu\u0163iile de aplicare a legii (Poli\u0163ia Rom\u00e2n\u0103, Ministerul Public, prin procurorii constitui\u0163i \u00een parchete) s\u0103 intervin\u0103 \u2013 tocmai pentru protejarea drepturilor cet\u0103\u0163enilor, cum ar fi dreptul la reputa\u0163ie, imagine etc., sau pentru ap\u0103rarea lini\u015ftii publice, care, la r\u00e2ndul ei, protejeaz\u0103 direct \u015fi indirect drepturile cet\u0103\u0163enilor \u2013 ori de c\u00e2te ori exercitarea dreptului la liber\u0103 exprimare se face abuziv sau prin \u00eenc\u0103lcarea altor drepturi, de exemplu, prin folosirea de jigniri sau instig\u0103ri la violen\u0163\u0103 ori, \u00een cazul unor campanii electorale, prin dep\u0103\u015firea termenului p\u00e2n\u0103 la care se poate face campanie electoral\u0103 \u015f.a.m.d.<\/p>\n<p>\u201dInterven\u0163iile poli\u0163iei \u015fi ale parchetelor au avut loc exclusiv \u00een situa\u0163ii \u00een care acele drepturi au fost exercitate abuziv sau au fost exercitate cu \u00eenc\u0103lcarea legii. Oricine \u00eencalc\u0103 legea nu mai poate pretinde un drept absolut la legitimare, pentru c\u0103, prin ac\u0163iunile sale, poate afecta alte drepturi fundamentale ale altor cet\u0103\u0163eni. Prin urmare, \u00een situa\u0163iile \u00een care autorit\u0103\u0163ile au ac\u0163ionat, ele au f\u0103cut-o nu pentru a cenzura opinii, ci pentru a asigura respectarea legisla\u0163iei, inclusiv a regulilor privind ordinea public\u0103 \u015fi propaganda electoral\u0103\u201d, afirm\u0103 Predoiu.<\/p>\n<p>El mai subliniaz\u0103 c\u0103, a\u015fa cum institu\u0163iile de aplicare a legii sunt obligate de lege s\u0103 intervin\u0103 atunci c\u00e2nd, pe domeniul public, un cet\u0103\u0163ean aduce jigniri altui cet\u0103\u0163ean sau instig\u0103 la violen\u0163\u0103, tot astfel, institu\u0163iile publice sunt obligate de lege s\u0103 intervin\u0103 pentru a aplica legea \u015fi a proteja drepturile celorlal\u0163i cet\u0103\u0163eni \u015fi ordinea public\u0103, \u00een cazul \u00een care, pe re\u0163elele sociale, sunt proferate jigniri sau instig\u0103ri la violen\u0163\u0103, pentru c\u0103, potrivit jurispruden\u0163ei \u00cenaltei Cur\u0163i de Casa\u0163ie \u015fi Justi\u0163ie, re\u0163elele sociale sunt considerate spa\u0163iu public.<\/p>\n<p>\u201dAstfel, regulile care se aplic\u0103 \u00een spa\u0163iul fizic, inclusiv interdic\u0163ia de a continua propaganda electoral\u0103 dup\u0103 \u00eencheierea perioadei legale, se aplic\u0103 \u015fi \u00een mediul online. Acest principiu a fost consolidat \u00een practic\u0103 \u015fi, prin urmare, interven\u0163iile organelor de aplicare a legii au avut ca scop strict asigurarea respect\u0103rii acestui cadru legal\u201d, spune Predoiu.\u00a0<\/p>\n<p>Ministrul de Interne spune c\u0103 \u201dPoli\u0163ia \u015fi celelalte structuri ac\u0163ioneaz\u0103 numai pe baza legii \u015fi \u00een virtutea legii\u201d.<\/p>\n<p>\u201dDac\u0103 exist\u0103 opinii conform c\u0103rora anumite tipuri de ac\u0163iuni desf\u0103\u015furate de Poli\u0163ie ar trebui s\u0103 fie realizate diferit, este rolul Parlamentului s\u0103 modifice legea, iar Ministerul Afacerilor Interne se va conforma imediat noilor reglement\u0103ri. P\u00e2n\u0103 atunci, \u00eens\u0103, legea este baza respect\u0103rii drepturilor tuturor cet\u0103\u0163enilor, precum \u015fi a lini\u015ftii \u015fi ordinii publice. Potrivit legii \u015fi regulamentelor interne ale Ministerului Afacerilor Interne, ministrul de interne nu are comand\u0103 militar\u0103, nu comand\u0103 opera\u0163iuni poli\u0163iene\u015fti \u015fi nu coordoneaz\u0103 dosare de poli\u0163ie, nici nu are acces la lucr\u0103rile unor astfel de dosare\u201d, arat\u0103 Predoiu \u00een r\u0103spunsul la interpelare.<\/p>\n<p>Ministrul declar\u0103 c\u0103 \u00een toate interven\u0163iile mele publice sau \u00een interiorul structurilor Ministerului Afacerilor Interne, am subliniat \u015fi cerut, ca politic\u0103 public\u0103, desf\u0103\u015furarea tuturor opera\u0163iunilor de poli\u0163ie \u00een cadrul legii \u015fi cu respectarea tuturor drepturilor \u015fi libert\u0103\u0163ilor cet\u0103\u0163ene\u015fti, inclusiv a dreptului la liber\u0103 exprimare, a tuturor garan\u0163iilor constitu\u0163ionale ale cet\u0103\u0163enilor.<\/p>\n<p>\u201dDe altfel, interven\u0163ia Poli\u0163iei Rom\u00e2ne \u00een tipurile de cazuri invocate de doamna deputat Lidia Vadim Tudor s-a efectuat cu calm, modera\u0163ie \u015fi, \u00een cele mai multe situa\u0163ii, doar pentru explicarea prevederilor legale \u015fi indicarea comportamentului corect \u00een spa\u0163iul public, sanc\u0163iunile fiind aplicate parcimonios \u015fi, \u00een general, const\u00e2nd \u00een avertismente prev\u0103zute de lege, dup\u0103 cum au ar\u0103tat verific\u0103rile ulterioare efectuate\u201d, spune C\u0103t\u0103lin Predoiu.\u00a0<\/p>\n<p>\u201dReafirm angajamentul Ministerului Afacerilor Interne pentru respectarea drepturilor \u015fi libert\u0103\u0163ilor fundamentale \u015fi subliniez importan\u0163a unei comunic\u0103ri constante cu societatea. Doar printr-un dialog deschis putem consolida \u00eencrederea cet\u0103\u0163enilor \u00een institu\u0163iile statului. Rom\u00e2nia este un stat democratic, iar libertatea de exprimare este un pilon fundamental al democra\u0163iei noastre. \u00cen acela\u015fi timp, este esen\u0163ial ca acest drept s\u0103 fie exercitat responsabil, \u00een spiritul respectului reciproc \u015fi al ordinii constitu\u0163ionale\u201d, mai arat\u0103 ministrul \u00een comunicat.\u00a0<\/p>","protected":false},"excerpt":{"rendered":"<p>\u0103t\u0103lin Predoiu a r\u0103spuns, \u00eentr-un comunicat de pres\u0103, la interpelarea deputatei AUR Lidia Vadim Tudor,&hellip;<\/p>\n","protected":false},"author":0,"featured_media":33348,"comment_status":"open","ping_status":"open","sticky":false,"template":"","format":"standard","meta":{"footnotes":""},"categories":[3],"tags":[],"class_list":["post-33347","post","type-post","status-publish","format-standard","has-post-thumbnail","hentry","category-politica"],"_links":{"self":[{"href":"https:\/\/247stiri.ro\/index.php\/wp-json\/wp\/v2\/posts\/33347","targetHints":{"allow":["GET"]}}],"collection":[{"href":"https:\/\/247stiri.ro\/index.php\/wp-json\/wp\/v2\/posts"}],"about":[{"href":"https:\/\/247stiri.ro\/index.php\/wp-json\/wp\/v2\/types\/post"}],"replies":[{"embeddable":true,"href":"https:\/\/247stiri.ro\/index.php\/wp-json\/wp\/v2\/comments?post=33347"}],"version-history":[{"count":0,"href":"https:\/\/247stiri.ro\/index.php\/wp-json\/wp\/v2\/posts\/33347\/revisions"}],"wp:featuredmedia":[{"embeddable":true,"href":"https:\/\/247stiri.ro\/index.php\/wp-json\/wp\/v2\/media\/33348"}],"wp:attachment":[{"href":"https:\/\/247stiri.ro\/index.php\/wp-json\/wp\/v2\/media?parent=33347"}],"wp:term":[{"taxonomy":"category","embeddable":true,"href":"https:\/\/247stiri.ro\/index.php\/wp-json\/wp\/v2\/categories?post=33347"},{"taxonomy":"post_tag","embeddable":true,"href":"https:\/\/247stiri.ro\/index.php\/wp-json\/wp\/v2\/tags?post=33347"}],"curies":[{"name":"wp","href":"https:\/\/api.w.org\/{rel}","templated":true}]}}