{"id":33351,"date":"2025-02-20T16:44:50","date_gmt":"2025-02-20T16:44:50","guid":{"rendered":"https:\/\/247stiri.ro\/index.php\/2025\/02\/20\/ilie-bolojan-a-decis-sa-convoace-sedinta-csat-marcel-ciolacu-si-crin-antonescu-fac-presiuni-in-acest-sens\/"},"modified":"2025-02-20T16:44:50","modified_gmt":"2025-02-20T16:44:50","slug":"ilie-bolojan-a-decis-sa-convoace-sedinta-csat-marcel-ciolacu-si-crin-antonescu-fac-presiuni-in-acest-sens","status":"publish","type":"post","link":"https:\/\/247stiri.ro\/index.php\/2025\/02\/20\/ilie-bolojan-a-decis-sa-convoace-sedinta-csat-marcel-ciolacu-si-crin-antonescu-fac-presiuni-in-acest-sens\/","title":{"rendered":"Ilie Bolojan a decis s\u0103 convoace \u0219edin\u021ba CSAT. Marcel Ciolacu \u0219i Crin Antonescu fac presiuni \u00een acest sens"},"content":{"rendered":"<p>Conform surselor Realitatea, s\u0103pt\u0103m\u00e2na viitoare, la Palatul Cotroceni, se va convoca de c\u0103tre Ilie Bolojan \u0219edin\u021ba CSAT \u00een tot acest context politic extrem de delicat at\u00e2t pe plan intern, c\u00e2t \u0219i pe plan extern.<\/p>\n<p>Av\u00e2nd \u00een vedere c\u0103 premierul Marcel Ciolacu a decis \u0219i a cerut p\u00e2n\u0103 la urm\u0103 convocarea unei astfel de \u0219edin\u021be pentru prezentarea tuturor probelor, dar \u0219i documentelor care au stat la baza anul\u0103rii alegerilor preziden\u021biale, acestei decizii f\u0103r\u0103 precedent.<\/p>\n<p>De asemenea, \u0219i candidatul Coali\u021biei, Crin Antonescu, cere convocarea \u0219edin\u021bei CSAT pentru problemele pe plan extern, pentru c\u0103 au existat mai multe decizii, dar \u0219i discu\u021bii la forumurile interna\u021bionale, dar \u0219i la \u00eentrunirile dintre mai multe state.\u00a0<\/p>\n<p>La discu\u021bia de la mas\u0103 negocierilor dintre Rusia \u0219i America am v\u0103zut cum Rusia a cerut deplasarea \u0219i extragerea din Europa de Est a tuturor trupelor americane, inclusiv din Rom\u00e2nia, \u0219i practic sfera de influen\u021b\u0103 s\u0103 r\u0103m\u00e2n\u0103 de partea Rusiei.<\/p>\n<p>Emil Hurezeanu a declarat \u00een acest sens c\u0103 \u00eenc\u0103 nu exist\u0103 nicio inten\u021bie confirmat\u0103 c\u0103 sferele de influen\u021b\u0103 s\u0103 poat\u0103 fi schimbate \u00een acest sens.<\/p>\n<p>R\u0103m\u00e2ne de v\u0103zut pe ce subiect se va convoca CSAT, mai ales c\u0103 sunt foarte multe probleme de interes na\u021bional extrem de importante.<\/p>","protected":false},"excerpt":{"rendered":"<p>Conform surselor Realitatea, s\u0103pt\u0103m\u00e2na viitoare, la Palatul Cotroceni, se va convoca de c\u0103tre Ilie Bolojan&hellip;<\/p>\n","protected":false},"author":0,"featured_media":33352,"comment_status":"open","ping_status":"open","sticky":false,"template":"","format":"standard","meta":{"footnotes":""},"categories":[2],"tags":[],"class_list":["post-33351","post","type-post","status-publish","format-standard","has-post-thumbnail","hentry","category-actual"],"_links":{"self":[{"href":"https:\/\/247stiri.ro\/index.php\/wp-json\/wp\/v2\/posts\/33351","targetHints":{"allow":["GET"]}}],"collection":[{"href":"https:\/\/247stiri.ro\/index.php\/wp-json\/wp\/v2\/posts"}],"about":[{"href":"https:\/\/247stiri.ro\/index.php\/wp-json\/wp\/v2\/types\/post"}],"replies":[{"embeddable":true,"href":"https:\/\/247stiri.ro\/index.php\/wp-json\/wp\/v2\/comments?post=33351"}],"version-history":[{"count":0,"href":"https:\/\/247stiri.ro\/index.php\/wp-json\/wp\/v2\/posts\/33351\/revisions"}],"wp:featuredmedia":[{"embeddable":true,"href":"https:\/\/247stiri.ro\/index.php\/wp-json\/wp\/v2\/media\/33352"}],"wp:attachment":[{"href":"https:\/\/247stiri.ro\/index.php\/wp-json\/wp\/v2\/media?parent=33351"}],"wp:term":[{"taxonomy":"category","embeddable":true,"href":"https:\/\/247stiri.ro\/index.php\/wp-json\/wp\/v2\/categories?post=33351"},{"taxonomy":"post_tag","embeddable":true,"href":"https:\/\/247stiri.ro\/index.php\/wp-json\/wp\/v2\/tags?post=33351"}],"curies":[{"name":"wp","href":"https:\/\/api.w.org\/{rel}","templated":true}]}}