{"id":33355,"date":"2025-02-20T16:44:52","date_gmt":"2025-02-20T16:44:52","guid":{"rendered":"https:\/\/247stiri.ro\/index.php\/2025\/02\/20\/nicusor-dan-despre-caderea-actualului-guvern-trebuie-sa-ne-uitam-la-interesul-romaniei\/"},"modified":"2025-02-20T16:44:52","modified_gmt":"2025-02-20T16:44:52","slug":"nicusor-dan-despre-caderea-actualului-guvern-trebuie-sa-ne-uitam-la-interesul-romaniei","status":"publish","type":"post","link":"https:\/\/247stiri.ro\/index.php\/2025\/02\/20\/nicusor-dan-despre-caderea-actualului-guvern-trebuie-sa-ne-uitam-la-interesul-romaniei\/","title":{"rendered":"Nicu\u0219or Dan, despre c\u0103derea actualului Guvern: \u201dTrebuie s\u0103 ne uit\u0103m la interesul Rom\u00e2niei\u201d"},"content":{"rendered":"<p>Edilul a subliniat c\u0103 nu este un mare sus\u021bin\u0103tor al PSD-ului, \u00eens\u0103, \u00een acest moment este important s\u0103 se \u021bin\u0103 cont de interesul Rom\u00e2niei.\u00a0<\/p>\n<p>Mai mult, candidatul independent la pre\u0219edin\u021bia Rom\u00e2niei a explicat c\u0103, av\u00e2nd un pre\u0219edinte interimar \u0219i alegeri preziden\u021biale \u00een cur\u00e2nd, nu exist\u0103 o \u00een\u021belegere stabilit\u0103 \u00een cadrul coali\u021biei care s\u0103 permit\u0103 formarea rapid\u0103 a unui nou guvern.<\/p>\n<p>\u201cEu sunt departe de a fi un prieten al PSD-ului cu care m-am confruntat \u0219i la alegeri \u00een 2020, \u0219i la alegerile de acum, \u0219i mi-au t\u0103iat mai multe bugete de-a lungul anilor, \u00eens\u0103, trebuie s\u0103 ne uit\u0103m la interesul Rom\u00e2niei.<\/p>\n<p>Acum, Rom\u00e2nia are un pre\u0219edinte interimar, o s\u0103 aib\u0103 alegeri preziden\u021biale peste 2 luni \u0219i jum\u0103tate. Dac\u0103 exist\u0103 \u00een cadrul coali\u021biei o mare \u00een\u021belegere deja negociat\u0103, cu o nou\u0103 formul\u0103 de guvernare, astfel \u00eenc\u00e2t un guvern s\u0103 cad\u0103 \u0219i a doua zi un guvern cu puteri depline s\u0103 fie instalat, da.<\/p>\n<p>Dar, evident c\u0103 asta nu exist\u0103 \u00een momentul \u0103sta \u0219i atunci nu e necesar \u00een Rom\u00e2nia, \u00een momentul \u0103sta, un nou factor de instabilitate, pentru c\u0103 asta afecteaz\u0103 economia, afecteaz\u0103 bursa, afecteaz\u0103 dob\u00e2nzile la care Rom\u00e2nia se \u00eemprumut\u0103 \u0219i nicidecum nu avem nevoie de asta\u201d, a declarat <a href=\"https:\/\/www.realitatea.net\/stiri\/politica\/conferinta-de-presa-cu-nabadai-pentru-edilul-capitalei-nicusor-dan-se-balbaie-si-nu-este-deloc-coerent-in-timpul-discursului-video_67b5a68ac928fb00f47e6f09\" target=\"_blank\">Nicu\u0219or Dan.<\/a><\/p>","protected":false},"excerpt":{"rendered":"<p>Edilul a subliniat c\u0103 nu este un mare sus\u021bin\u0103tor al PSD-ului, \u00eens\u0103, \u00een acest moment&hellip;<\/p>\n","protected":false},"author":0,"featured_media":33350,"comment_status":"open","ping_status":"open","sticky":false,"template":"","format":"standard","meta":{"footnotes":""},"categories":[2],"tags":[],"class_list":["post-33355","post","type-post","status-publish","format-standard","has-post-thumbnail","hentry","category-actual"],"_links":{"self":[{"href":"https:\/\/247stiri.ro\/index.php\/wp-json\/wp\/v2\/posts\/33355","targetHints":{"allow":["GET"]}}],"collection":[{"href":"https:\/\/247stiri.ro\/index.php\/wp-json\/wp\/v2\/posts"}],"about":[{"href":"https:\/\/247stiri.ro\/index.php\/wp-json\/wp\/v2\/types\/post"}],"replies":[{"embeddable":true,"href":"https:\/\/247stiri.ro\/index.php\/wp-json\/wp\/v2\/comments?post=33355"}],"version-history":[{"count":0,"href":"https:\/\/247stiri.ro\/index.php\/wp-json\/wp\/v2\/posts\/33355\/revisions"}],"wp:featuredmedia":[{"embeddable":true,"href":"https:\/\/247stiri.ro\/index.php\/wp-json\/wp\/v2\/media\/33350"}],"wp:attachment":[{"href":"https:\/\/247stiri.ro\/index.php\/wp-json\/wp\/v2\/media?parent=33355"}],"wp:term":[{"taxonomy":"category","embeddable":true,"href":"https:\/\/247stiri.ro\/index.php\/wp-json\/wp\/v2\/categories?post=33355"},{"taxonomy":"post_tag","embeddable":true,"href":"https:\/\/247stiri.ro\/index.php\/wp-json\/wp\/v2\/tags?post=33355"}],"curies":[{"name":"wp","href":"https:\/\/api.w.org\/{rel}","templated":true}]}}