{"id":33367,"date":"2025-02-20T17:44:51","date_gmt":"2025-02-20T17:44:51","guid":{"rendered":"https:\/\/247stiri.ro\/index.php\/2025\/02\/20\/seful-nato-spune-ca-europa-are-un-rol-vital-de-jucat-in-securizarea-pacii-in-ucraina\/"},"modified":"2025-02-20T17:44:51","modified_gmt":"2025-02-20T17:44:51","slug":"seful-nato-spune-ca-europa-are-un-rol-vital-de-jucat-in-securizarea-pacii-in-ucraina","status":"publish","type":"post","link":"https:\/\/247stiri.ro\/index.php\/2025\/02\/20\/seful-nato-spune-ca-europa-are-un-rol-vital-de-jucat-in-securizarea-pacii-in-ucraina\/","title":{"rendered":"\u0218eful NATO spune c\u0103 Europa are un rol vital de jucat \u00een securizarea p\u0103cii \u00een Ucraina"},"content":{"rendered":"<p>Mark Rutte a declarat c\u0103 este vital ca orice acord \u00eencheiat \u00eentre Rusia \u015fi Ucraina \u201es\u0103 aduc\u0103 o pace durabil\u0103\u201d \u015fi s\u0103 garanteze c\u0103 \u201eRusia nu va mai \u00eencerca niciodat\u0103 s\u0103 ia un kilometru p\u0103trat din teritoriul ucrainean\u201d. El a ad\u0103ugat c\u0103 acest lucru \u201eva necesita garan\u0163ii de securitate\u201d.<\/p>\n<p>\u00a0<\/p>\n<p>\u201eNu exist\u0103 niciun dubiu c\u0103 Europa are un rol vital de jucat \u00een securizarea p\u0103cii \u00een Ucraina\u201d, a ad\u0103ugat el.<\/p>\n<p>El a mai spus c\u0103 lumea \u201edevine mai periculoas\u0103\u201d, dar NATO r\u0103m\u00e2ne preg\u0103tit\u0103 s\u0103 descurajeze provoc\u0103rile.<\/p>\n<p>Rutte a subliniat, pe de alt\u0103 parte, c\u0103 Europa va trebui s\u0103-\u015fi creasc\u0103 cheltuielile militare la peste 3% din PIB.<\/p>\n<p>\u00a0<\/p>\n<p>Statele membre NATO se confrunt\u0103 cu o dezbatere dur\u0103 cu privire la procentul de cre\u015ftere a volumului de cheltuieli pentru armament \u015fi la ritmul \u00een care aceste cheltuieli pot fi realizate, a recunoscut pre\u015fedintele Slovaciei, Peter Pellegrini, dup\u0103 \u00eent\u00e2lnirea cu \u015feful NATO, Mark Rutte, scrie agen\u0163ia slovac\u0103 TASR. Potrivit pre\u015fedintelui de la Bratislava, Slovacia este con\u015ftient\u0103 de datoria moral\u0103 de a face investi\u0163ii \u00een echiparea for\u0163elor armate slovace. \u015eeful statului slovac a subliniat c\u0103 nu conteaz\u0103 pentru ce sunt folosi\u0163i banii cheltui\u0163i pentru ap\u0103rare, dar 20 la sut\u0103 ar trebui s\u0103 mearg\u0103 spre modernizare.<\/p>\n<p>Rutte a men\u0163ionat c\u0103, \u00een cur\u00e2nd, toate \u0163\u0103rile NATO vor trebui s\u0103 \u00eendeplineasc\u0103 limita minim\u0103 stabilit\u0103 \u00een prezent pentru cheltuielile de ap\u0103rare, \u015fi anume dou\u0103 procente din PIB. El a ad\u0103ugat c\u0103 acest lucru nu este cerut statelor membre doar de el, \u00een calitate de secretar general al Alian\u0163ei, ci \u015fi de pre\u015fedintele american Donald Trump. Statele Unite, a spus Rutte, doresc un NATO puternic, dar \u015fi alte \u0163\u0103ri trebuie s\u0103 contribuie la ap\u0103rarea comun\u0103.\u00a0\u00cen acela\u015fi timp, pre\u015fedintele slovac a reamintit c\u0103 articolul 3 din Tratatul Atlanticului de Nord prevede c\u0103 o \u0163ar\u0103 atacat\u0103 trebuie s\u0103 fie capabil\u0103 s\u0103 se apere p\u00e2n\u0103 c\u00e2nd alia\u0163ii s\u0103i \u00eei vin \u00een ajutor. \u201eEste important, de asemenea, s\u0103 le spunem direct cet\u0103\u0163enilor \u0163\u0103rilor noastre c\u0103 este pentru securitatea lor \u015fi este datoria noastr\u0103 s\u0103 construim astfel de for\u0163e armate care sunt capabile s\u0103 previn\u0103 orice presiune ce ar veni din afara grani\u0163elor noastre&#8221;, a punctat el. \u00cen acest context, Pellegrini a men\u0163ionat c\u0103 r\u0103zboiul nu este singura amenin\u0163are. Ar putea veni migra\u0163ia ilegal\u0103 masiv\u0103 sau terorismul. \u015eeful statului a dat asigur\u0103ri c\u0103 Slovacia este \u015fi va fi un membru ferm al Alian\u0163ei Nord-Atlantice \u015fi nu are niciun interes s\u0103 \u00ee\u015fi schimbe ancorajul at\u00e2t \u00een Uniunea European\u0103, c\u00e2t \u015fi \u00een Alian\u0163\u0103.\u00a0Secretarul general al Organiza\u0163iei Tratatului Atlanticului de Nord, Mark Rutte, a sosit joi \u00een Slovacia pentru o vizit\u0103 oficial\u0103. Pe l\u00e2ng\u0103 pre\u015fedinte, Rutte s-a \u00eent\u00e2lnit cu ministrul ap\u0103r\u0103rii \u015fi viceprim-ministrul Robert Kali\u0148\u00e1k \u015fi cu ministrul de externe Juraj Blan\u00e1r (ambii din partidul Smer-SD al lui Robert Fico), dar nu \u015fi cu premierul Robert Fico. Acesta a fost la Moscova luna trecut\u0103 \u015fi s-a \u00eent\u00e2lnit cu Vladimir Putin.<\/p>","protected":false},"excerpt":{"rendered":"<p>Mark Rutte a declarat c\u0103 este vital ca orice acord \u00eencheiat \u00eentre Rusia \u015fi Ucraina&hellip;<\/p>\n","protected":false},"author":0,"featured_media":33364,"comment_status":"open","ping_status":"open","sticky":false,"template":"","format":"standard","meta":{"footnotes":""},"categories":[2],"tags":[],"class_list":["post-33367","post","type-post","status-publish","format-standard","has-post-thumbnail","hentry","category-actual"],"_links":{"self":[{"href":"https:\/\/247stiri.ro\/index.php\/wp-json\/wp\/v2\/posts\/33367","targetHints":{"allow":["GET"]}}],"collection":[{"href":"https:\/\/247stiri.ro\/index.php\/wp-json\/wp\/v2\/posts"}],"about":[{"href":"https:\/\/247stiri.ro\/index.php\/wp-json\/wp\/v2\/types\/post"}],"replies":[{"embeddable":true,"href":"https:\/\/247stiri.ro\/index.php\/wp-json\/wp\/v2\/comments?post=33367"}],"version-history":[{"count":0,"href":"https:\/\/247stiri.ro\/index.php\/wp-json\/wp\/v2\/posts\/33367\/revisions"}],"wp:featuredmedia":[{"embeddable":true,"href":"https:\/\/247stiri.ro\/index.php\/wp-json\/wp\/v2\/media\/33364"}],"wp:attachment":[{"href":"https:\/\/247stiri.ro\/index.php\/wp-json\/wp\/v2\/media?parent=33367"}],"wp:term":[{"taxonomy":"category","embeddable":true,"href":"https:\/\/247stiri.ro\/index.php\/wp-json\/wp\/v2\/categories?post=33367"},{"taxonomy":"post_tag","embeddable":true,"href":"https:\/\/247stiri.ro\/index.php\/wp-json\/wp\/v2\/tags?post=33367"}],"curies":[{"name":"wp","href":"https:\/\/api.w.org\/{rel}","templated":true}]}}