{"id":33370,"date":"2025-02-20T17:44:52","date_gmt":"2025-02-20T17:44:52","guid":{"rendered":"https:\/\/247stiri.ro\/index.php\/2025\/02\/20\/jd-vance-un-nou-atac-la-adresa-romaniei-prietenia-se-bazeaza-pe-valori-comune-nu-avem-valori-comune-daca-anulezi-alegerile-pentru-ca-nu-ti-place-rezultatul-asa-cum-s-a-intamplat-in-romani\/"},"modified":"2025-02-20T17:44:52","modified_gmt":"2025-02-20T17:44:52","slug":"jd-vance-un-nou-atac-la-adresa-romaniei-prietenia-se-bazeaza-pe-valori-comune-nu-avem-valori-comune-daca-anulezi-alegerile-pentru-ca-nu-ti-place-rezultatul-asa-cum-s-a-intamplat-in-romani","status":"publish","type":"post","link":"https:\/\/247stiri.ro\/index.php\/2025\/02\/20\/jd-vance-un-nou-atac-la-adresa-romaniei-prietenia-se-bazeaza-pe-valori-comune-nu-avem-valori-comune-daca-anulezi-alegerile-pentru-ca-nu-ti-place-rezultatul-asa-cum-s-a-intamplat-in-romani\/","title":{"rendered":"JD Vance, un nou atac la adresa Rom\u00e2niei: \u201ePrietenia se bazeaz\u0103 pe valori comune. Nu avem valori comune dac\u0103 anulezi alegerile pentru c\u0103 nu-\u021bi place rezultatul, a\u0219a cum s-a \u00eent\u00e2mplat \u00een Rom\u00e2nia\u201d"},"content":{"rendered":"<p>\u00cen timpul unui discurs la Conferin\u021ba de Ac\u021biune Politic\u0103 Conservatoare (CPAC), la care particip\u0103 republicani, simpatizan\u021bi ai partidului sau politicieni conservatori din alte \u021b\u0103ri, vicepre\u0219edintele SUA, JD Vance, a atacat din nou Rom\u00e2nia, pentru a doua oar\u0103 \u00een ultima s\u0103pt\u0103m\u00e2n\u0103.<\/p>\n<p>Vance a declarat:\u00a0\u201cCeea ce \u00eencerc s\u0103 le spun prietenilor no\u0219tri europeni, \u0219i cred c\u0103 ei sunt prietenii no\u0219tri, este c\u0103 aceast\u0103 prietenie se bazeaz\u0103 pe valori comune. Nu ai valori comune dac\u0103 \u00eencarcerezi oameni pentru c\u0103 spun c\u0103 ar trebui s\u0103 ne \u00eenchidem grani\u021ba. \u0218i nu ai valori comune dac\u0103 anulezi alegerile pentru c\u0103 nu-\u021bi plac rezultatele \u2013 asta s-a \u00eent\u00e2mplat \u00een Rom\u00e2nia. Nu ai valori comune dac\u0103 \u021bi-e at\u00e2t de fric\u0103 de propriul t\u0103u popor \u00eenc\u00e2t \u00eel reduci la t\u0103cere\u201d.<\/p>","protected":false},"excerpt":{"rendered":"<p>\u00cen timpul unui discurs la Conferin\u021ba de Ac\u021biune Politic\u0103 Conservatoare (CPAC), la care particip\u0103 republicani,&hellip;<\/p>\n","protected":false},"author":0,"featured_media":33371,"comment_status":"open","ping_status":"open","sticky":false,"template":"","format":"standard","meta":{"footnotes":""},"categories":[2],"tags":[],"class_list":["post-33370","post","type-post","status-publish","format-standard","has-post-thumbnail","hentry","category-actual"],"_links":{"self":[{"href":"https:\/\/247stiri.ro\/index.php\/wp-json\/wp\/v2\/posts\/33370","targetHints":{"allow":["GET"]}}],"collection":[{"href":"https:\/\/247stiri.ro\/index.php\/wp-json\/wp\/v2\/posts"}],"about":[{"href":"https:\/\/247stiri.ro\/index.php\/wp-json\/wp\/v2\/types\/post"}],"replies":[{"embeddable":true,"href":"https:\/\/247stiri.ro\/index.php\/wp-json\/wp\/v2\/comments?post=33370"}],"version-history":[{"count":0,"href":"https:\/\/247stiri.ro\/index.php\/wp-json\/wp\/v2\/posts\/33370\/revisions"}],"wp:featuredmedia":[{"embeddable":true,"href":"https:\/\/247stiri.ro\/index.php\/wp-json\/wp\/v2\/media\/33371"}],"wp:attachment":[{"href":"https:\/\/247stiri.ro\/index.php\/wp-json\/wp\/v2\/media?parent=33370"}],"wp:term":[{"taxonomy":"category","embeddable":true,"href":"https:\/\/247stiri.ro\/index.php\/wp-json\/wp\/v2\/categories?post=33370"},{"taxonomy":"post_tag","embeddable":true,"href":"https:\/\/247stiri.ro\/index.php\/wp-json\/wp\/v2\/tags?post=33370"}],"curies":[{"name":"wp","href":"https:\/\/api.w.org\/{rel}","templated":true}]}}