{"id":33372,"date":"2025-02-20T17:44:52","date_gmt":"2025-02-20T17:44:52","guid":{"rendered":"https:\/\/247stiri.ro\/index.php\/2025\/02\/20\/sfarsit-tragic-pentru-un-sofer-de-36-de-ani-a-suferit-un-infarct-la-volan-la-numai-o-ora-dupa-ce-i-se-facuse-rau-intr-o-farmacie\/"},"modified":"2025-02-20T17:44:52","modified_gmt":"2025-02-20T17:44:52","slug":"sfarsit-tragic-pentru-un-sofer-de-36-de-ani-a-suferit-un-infarct-la-volan-la-numai-o-ora-dupa-ce-i-se-facuse-rau-intr-o-farmacie","status":"publish","type":"post","link":"https:\/\/247stiri.ro\/index.php\/2025\/02\/20\/sfarsit-tragic-pentru-un-sofer-de-36-de-ani-a-suferit-un-infarct-la-volan-la-numai-o-ora-dupa-ce-i-se-facuse-rau-intr-o-farmacie\/","title":{"rendered":"Sf\u00e2r\u0219it tragic pentru un \u0219ofer de 36 de ani. A suferit un infarct la volan, la numai o or\u0103 dup\u0103 ce i se f\u0103cuse r\u0103u \u00eentr-o farmacie"},"content":{"rendered":"<p>Victima a fost g\u0103sit\u0103 blocat\u0103 \u00een autoturismul s\u0103u cu care se deplasa pe un bulevard intens circulat c\u0103tre zona Nicolina, din municipiul Ia\u0219i.\u00a0<\/p>\n<p>Echipajul medical care a intervenit la fa\u021ba locului a fost nevoit s\u0103 sparg\u0103 geamurile ma\u015finii, iar ulterior a \u00eenceput manevrele de resuscitare.<\/p>\n<p>Timp de 90 de minute s-au chinuit medicii de pe ambulan\u021b\u0103 s\u0103 \u00eel readuc\u0103 la via\u021b\u0103, \u00eens\u0103 din p\u0103cate au fost nevoi\u021bi s\u0103 \u00eei constate decesul.<\/p>\n<p>Se pare c\u0103 pacientul avusese un prim apel la 112 cu aproximativ o or\u0103 \u00eenainte de infarct, el chem\u00e2nd ambulan\u0163a \u00een timp ce se afla \u00eentr-o farmacie.\u00a0<\/p>\n<p>Medicii spun c\u0103 <a href=\"https:\/\/www.realitatea.net\/stiri\/actual\/barbat-accidentat-grav-de-tramvaiul-41-in-bucuresti-circulatia-este-oprita-foto_66fbff6108c8e237957a7f94\" target=\"_blank\">b\u0103rbatul<\/a> a refuzat s\u0103 fie transportat la spital, iar ulterior c\u00e2nd i s-a f\u0103cut r\u0103u, din nou, a sunat la 112.\u00a0<\/p>\n<p>\u201dA fost g\u0103sit blocat \u00een autoturismul personal. O ambulan\u0163\u0103 tip B ce se deplasa spre localitatea Had\u00e2mbu la alt\u0103 solicitare, s-a oprit la acest caz. Am zis s\u0103 sparg\u0103 geamul s\u0103 \u00eel extrag\u0103 \u015fi s\u0103 \u00eenceap\u0103 resuscitarea. A fost adus la spital, iar dup\u0103 90 de minute a fost declarat decesul b\u0103rbatului\u201d, a declarat medicul Diana Cimpoe\u015fu, coordonator UPU-SMURD Ia\u015fi.<\/p>","protected":false},"excerpt":{"rendered":"<p>Victima a fost g\u0103sit\u0103 blocat\u0103 \u00een autoturismul s\u0103u cu care se deplasa pe un bulevard&hellip;<\/p>\n","protected":false},"author":0,"featured_media":0,"comment_status":"open","ping_status":"open","sticky":false,"template":"","format":"standard","meta":{"footnotes":""},"categories":[2],"tags":[],"class_list":["post-33372","post","type-post","status-publish","format-standard","hentry","category-actual"],"_links":{"self":[{"href":"https:\/\/247stiri.ro\/index.php\/wp-json\/wp\/v2\/posts\/33372","targetHints":{"allow":["GET"]}}],"collection":[{"href":"https:\/\/247stiri.ro\/index.php\/wp-json\/wp\/v2\/posts"}],"about":[{"href":"https:\/\/247stiri.ro\/index.php\/wp-json\/wp\/v2\/types\/post"}],"replies":[{"embeddable":true,"href":"https:\/\/247stiri.ro\/index.php\/wp-json\/wp\/v2\/comments?post=33372"}],"version-history":[{"count":0,"href":"https:\/\/247stiri.ro\/index.php\/wp-json\/wp\/v2\/posts\/33372\/revisions"}],"wp:attachment":[{"href":"https:\/\/247stiri.ro\/index.php\/wp-json\/wp\/v2\/media?parent=33372"}],"wp:term":[{"taxonomy":"category","embeddable":true,"href":"https:\/\/247stiri.ro\/index.php\/wp-json\/wp\/v2\/categories?post=33372"},{"taxonomy":"post_tag","embeddable":true,"href":"https:\/\/247stiri.ro\/index.php\/wp-json\/wp\/v2\/tags?post=33372"}],"curies":[{"name":"wp","href":"https:\/\/api.w.org\/{rel}","templated":true}]}}