{"id":33373,"date":"2025-02-20T17:44:53","date_gmt":"2025-02-20T17:44:53","guid":{"rendered":"https:\/\/247stiri.ro\/index.php\/2025\/02\/20\/ministerul-apararii-personalul-militar-beneficiaza-si-in-2025-de-plata-orelor-suplimentare-drepturile-financiare-platite-in-integralitate-inclusiv-pentru-februarie\/"},"modified":"2025-02-20T17:44:53","modified_gmt":"2025-02-20T17:44:53","slug":"ministerul-apararii-personalul-militar-beneficiaza-si-in-2025-de-plata-orelor-suplimentare-drepturile-financiare-platite-in-integralitate-inclusiv-pentru-februarie","status":"publish","type":"post","link":"https:\/\/247stiri.ro\/index.php\/2025\/02\/20\/ministerul-apararii-personalul-militar-beneficiaza-si-in-2025-de-plata-orelor-suplimentare-drepturile-financiare-platite-in-integralitate-inclusiv-pentru-februarie\/","title":{"rendered":"Ministerul Ap\u0103r\u0103rii: Personalul militar beneficiaz\u0103 \u015fi \u00een 2025 de plata orelor suplimentare. Drepturile financiare, pl\u0103tite \u00een integralitate inclusiv pentru februarie"},"content":{"rendered":"<p>\u201dConform prevederilor unei ordonan\u0163e de urgen\u0163\u0103 adoptat\u0103 de Guvernul Rom\u00e2niei, \u00een \u015fedin\u0163a de joi, 20 februarie, personalul militar, poli\u0163i\u015ftii \u015fi poli\u0163i\u015ftii de penitenciare vor beneficia, \u00een anul 2025, de drepturile financiare prev\u0103zute de legisla\u0163ia \u00een vigoare la sf\u00e2r\u015fitul anului 2024 pentru munca efectuat\u0103 \u00een zilele de repaus s\u0103pt\u0103m\u00e2nal, s\u0103rb\u0103tori legale \u015fi alte zile nelucr\u0103toare, la nivelul aplicabil \u00een noiembrie 2024. Ministrul Angel T\u00eelv\u0103r a eviden\u0163iat prioritatea pe care conducerea institu\u0163iei o acord\u0103 permanent asigur\u0103rii unor condi\u0163ii decente de munc\u0103 \u015fi trai pentru personalul MApN \u00een \u00eendeplinirea misiunilor \u00eencredin\u0163ate\u201d, a transmis, joi sear\u0103, Ministerul Ap\u0103r\u0103rii, \u00eentr-un comunicat de pres\u0103.<\/p>\n<p>Ministrul Angel T\u00eelv\u0103r a apreciat c\u0103 \u201dresursa uman\u0103 este, f\u0103r\u0103 \u00eendoial\u0103, cea mai important\u0103 dintre cele pe care ne baz\u0103m \u00een angajarea misiunilor Armatei Rom\u00e2niei\u201d.<\/p>\n<p>\u201dM\u0103sura adoptat\u0103, \u00een \u015fedin\u0163a de ast\u0103zi, de Guvernul Rom\u00e2niei, prin care relu\u0103m compensarea financiar\u0103 a activit\u0103\u0163ii desf\u0103\u015furate suplimentar sau \u00een zilele libere de personalul nostru, vine \u00een continuarea unei serii de ac\u0163iuni \u00eentreprinse pe parcursul anului precedent, menite s\u0103 ajusteze cadrul general al drepturilor financiare cuvenite personalului militar \u015fi civil din MApN \u015fi din Sistemul Na\u0163ional de Ap\u0103rare. Acest complex de m\u0103suri, pentru care am avut sprijinul \u00eentregului Cabinet, contribuie la cre\u015fterea gradului de atractivitate a carierei militare, at\u00e2t prin \u00eembun\u0103t\u0103\u0163irea reten\u0163iei personalului \u00een activitate, c\u00e2t \u015fi prin cre\u015fterea interesului tinerilor de a \u00eembr\u0103\u0163i\u015fa o carier\u0103 militar\u0103. R\u0103m\u00e2nem ferm angaja\u0163i \u00een aceast\u0103 direc\u0163ie de efort institu\u0163ional, \u00een sprijinul oamenilor care \u00ee\u015fi desf\u0103\u015foar\u0103 activitatea \u00een MApN \u015fi membrilor de familie ai acestora \u015fi, \u00een egal\u0103 m\u0103sur\u0103, pentru asigurarea unui tratament echitabil fa\u0163\u0103 de militarii \u00een rezerv\u0103 \u015fi \u00een retragere\u201d, a declarat Angel T\u00eelv\u0103r.<\/p>\n<p>Drepturile financiare vor fi acordate personalului militar, poli\u0163i\u015ftilor \u015fi poli\u0163i\u015ftilor de penitenciare, \u00een cursul anului 2025, inclusiv pentru luna februarie 2025, \u00een integralitate, pentru activitatea desf\u0103\u015furat\u0103 \u00een zilele de s\u00e2mb\u0103t\u0103, duminic\u0103 \u015fi s\u0103rb\u0103tori legale \u015fi pentru munca suplimentar\u0103 prestat\u0103 peste programul normal, \u00een condi\u0163ii operative sau neprev\u0103zute, dac\u0103 nu poate fi compensat\u0103 cu timp liber \u00een termen de 90 de zile.<\/p>\n<p>Ordonan\u0163a a fost aprobat\u0103, joi, de Guvern \u015fi se aplic\u0103 \u00een cazul personalului militar din cadrul ministerului, poli\u0163i\u015ftilor \u015fi poli\u0163i\u015ftilor de penitenciare.<\/p>\n<p>\u00a0<\/p>","protected":false},"excerpt":{"rendered":"<p>\u201dConform prevederilor unei ordonan\u0163e de urgen\u0163\u0103 adoptat\u0103 de Guvernul Rom\u00e2niei, \u00een \u015fedin\u0163a de joi, 20&hellip;<\/p>\n","protected":false},"author":0,"featured_media":33374,"comment_status":"open","ping_status":"open","sticky":false,"template":"","format":"standard","meta":{"footnotes":""},"categories":[2],"tags":[],"class_list":["post-33373","post","type-post","status-publish","format-standard","has-post-thumbnail","hentry","category-actual"],"_links":{"self":[{"href":"https:\/\/247stiri.ro\/index.php\/wp-json\/wp\/v2\/posts\/33373","targetHints":{"allow":["GET"]}}],"collection":[{"href":"https:\/\/247stiri.ro\/index.php\/wp-json\/wp\/v2\/posts"}],"about":[{"href":"https:\/\/247stiri.ro\/index.php\/wp-json\/wp\/v2\/types\/post"}],"replies":[{"embeddable":true,"href":"https:\/\/247stiri.ro\/index.php\/wp-json\/wp\/v2\/comments?post=33373"}],"version-history":[{"count":0,"href":"https:\/\/247stiri.ro\/index.php\/wp-json\/wp\/v2\/posts\/33373\/revisions"}],"wp:featuredmedia":[{"embeddable":true,"href":"https:\/\/247stiri.ro\/index.php\/wp-json\/wp\/v2\/media\/33374"}],"wp:attachment":[{"href":"https:\/\/247stiri.ro\/index.php\/wp-json\/wp\/v2\/media?parent=33373"}],"wp:term":[{"taxonomy":"category","embeddable":true,"href":"https:\/\/247stiri.ro\/index.php\/wp-json\/wp\/v2\/categories?post=33373"},{"taxonomy":"post_tag","embeddable":true,"href":"https:\/\/247stiri.ro\/index.php\/wp-json\/wp\/v2\/tags?post=33373"}],"curies":[{"name":"wp","href":"https:\/\/api.w.org\/{rel}","templated":true}]}}