{"id":33376,"date":"2025-02-20T17:44:53","date_gmt":"2025-02-20T17:44:53","guid":{"rendered":"https:\/\/247stiri.ro\/index.php\/2025\/02\/20\/sua-continua-sa-se-distanteze-de-ucraina-adminstratia-trump-a-anulat-conferinta-de-presa-comuna-a-lui-zelenski-cu-keith-kellogg\/"},"modified":"2025-02-20T17:44:53","modified_gmt":"2025-02-20T17:44:53","slug":"sua-continua-sa-se-distanteze-de-ucraina-adminstratia-trump-a-anulat-conferinta-de-presa-comuna-a-lui-zelenski-cu-keith-kellogg","status":"publish","type":"post","link":"https:\/\/247stiri.ro\/index.php\/2025\/02\/20\/sua-continua-sa-se-distanteze-de-ucraina-adminstratia-trump-a-anulat-conferinta-de-presa-comuna-a-lui-zelenski-cu-keith-kellogg\/","title":{"rendered":"SUA continu\u0103 s\u0103 se distan\u021beze de Ucraina. Adminstra\u021bia Trump a anulat conferin\u0163a de pres\u0103 comun\u0103 a lui Zelenski cu Keith Kellogg"},"content":{"rendered":"<p>At\u00e2t Kellogg, c\u00e2t \u015fi Zelenski urmau s\u0103 ia cuv\u00e2ntul la \u00eent\u00e2lnirea cu presa, dar un oficial de la Kiev a spus c\u0103 planificata conferin\u0163\u0103 de pres\u0103 a fost anulat\u0103 la cererea Washingtonului. Decizia pare s\u0103 fi fost una de ultim moment. Camerele de filmat fuseser\u0103 deja l\u0103sate s\u0103 intre pentru scurt timp \u00een sal\u0103, dar apoi au fost evacuate.<\/p>\n<p>Zelenski \u015fi Kellogg erau \u00eenc\u0103 \u00een discu\u0163ii, dar nu este clar c\u00e2nd \u015fi cum va fi informat\u0103 presa cu privire la modul \u00een care au decurs discu\u0163iile.<\/p>\n<p>Vizita lui Kellogg la Kiev a coincis cu o disput\u0103 public\u0103 \u00eentre Donald Trump \u015fi Volodimir Zelenski, primul etichet\u00e2ndu-l pe ucrainean drept \u201edictator\u201d \u015fi cer\u00e2ndu-i s\u0103 ac\u0163ioneze \u201erapid\u201d \u00eenainte de a-\u015fi pierde \u0163ara, \u00een timp ce Zelenski i-a repro\u015fat lui Trump c\u0103 tr\u0103ie\u015fte \u00eentr-o \u201ebul\u0103 de dezinformare\u201d rus\u0103. Aceast\u0103 \u201eceart\u0103\u201d a sporit \u00eengrijorarea c\u0103 SUA ar putea for\u0163a Ucraina s\u0103 fac\u0103 concesii ca parte a unui acord de \u00eencheiere a r\u0103zboiului, discu\u0163iile dintre Washington \u015fi Moscova demar\u00e2nd acum dou\u0103 zile f\u0103r\u0103 Europa sau Kiev.<\/p>\n<p>\u00centr-o ruptur\u0103 fa\u0163\u0103 de norm\u0103, oficialii de la Kiev erau dornici s\u0103 \u00eei ofere lui Kellogg ceea ce ei numesc o \u201eimagine complet\u0103\u201d a r\u0103zboiului, inclusiv o deplasare pe linia frontului &#8211; un lucru nemai\u00eent\u00e2lnit \u00een cadrul vizitelor oficiale.<\/p>\n<p>Singura sarcin\u0103 a lui Kellogg este s\u0103 \u0163in\u0103 leg\u0103tura cu Ucraina \u015fi s\u0103 men\u0163in\u0103 un canal de comunicare bidirec\u0163ional. Ceea ce va fi crucial este c\u00e2t de bine poate Kellogg s\u0103 transmit\u0103 ceea ce aude la Kiev \u015fi c\u00e2t de important\u0103 este percep\u0163ia sa cu privire la sprijinul militar continuu al SUA. Zelenski lupt\u0103 acum \u015fi mai mult pentru a se implica \u00een negocierile de pace &#8211; o dorin\u0163\u0103 \u00eengreunat\u0103 de faptul c\u0103 Trump pune la \u00eendoial\u0103 integritatea sa ca ales \u00een mod democratic.<\/p>","protected":false},"excerpt":{"rendered":"<p>At\u00e2t Kellogg, c\u00e2t \u015fi Zelenski urmau s\u0103 ia cuv\u00e2ntul la \u00eent\u00e2lnirea cu presa, dar un&hellip;<\/p>\n","protected":false},"author":0,"featured_media":33377,"comment_status":"open","ping_status":"open","sticky":false,"template":"","format":"standard","meta":{"footnotes":""},"categories":[2],"tags":[],"class_list":["post-33376","post","type-post","status-publish","format-standard","has-post-thumbnail","hentry","category-actual"],"_links":{"self":[{"href":"https:\/\/247stiri.ro\/index.php\/wp-json\/wp\/v2\/posts\/33376","targetHints":{"allow":["GET"]}}],"collection":[{"href":"https:\/\/247stiri.ro\/index.php\/wp-json\/wp\/v2\/posts"}],"about":[{"href":"https:\/\/247stiri.ro\/index.php\/wp-json\/wp\/v2\/types\/post"}],"replies":[{"embeddable":true,"href":"https:\/\/247stiri.ro\/index.php\/wp-json\/wp\/v2\/comments?post=33376"}],"version-history":[{"count":0,"href":"https:\/\/247stiri.ro\/index.php\/wp-json\/wp\/v2\/posts\/33376\/revisions"}],"wp:featuredmedia":[{"embeddable":true,"href":"https:\/\/247stiri.ro\/index.php\/wp-json\/wp\/v2\/media\/33377"}],"wp:attachment":[{"href":"https:\/\/247stiri.ro\/index.php\/wp-json\/wp\/v2\/media?parent=33376"}],"wp:term":[{"taxonomy":"category","embeddable":true,"href":"https:\/\/247stiri.ro\/index.php\/wp-json\/wp\/v2\/categories?post=33376"},{"taxonomy":"post_tag","embeddable":true,"href":"https:\/\/247stiri.ro\/index.php\/wp-json\/wp\/v2\/tags?post=33376"}],"curies":[{"name":"wp","href":"https:\/\/api.w.org\/{rel}","templated":true}]}}