{"id":33379,"date":"2025-02-20T17:44:54","date_gmt":"2025-02-20T17:44:54","guid":{"rendered":"https:\/\/247stiri.ro\/index.php\/2025\/02\/20\/marcel-ciolacu-asistam-la-o-ascensiune-fulminanta-a-extremismului-si-antisemitismului-in-europa-si-la-campanii-tot-mai-agresive-de-propaganda-si-dezinformare\/"},"modified":"2025-02-20T17:44:54","modified_gmt":"2025-02-20T17:44:54","slug":"marcel-ciolacu-asistam-la-o-ascensiune-fulminanta-a-extremismului-si-antisemitismului-in-europa-si-la-campanii-tot-mai-agresive-de-propaganda-si-dezinformare","status":"publish","type":"post","link":"https:\/\/247stiri.ro\/index.php\/2025\/02\/20\/marcel-ciolacu-asistam-la-o-ascensiune-fulminanta-a-extremismului-si-antisemitismului-in-europa-si-la-campanii-tot-mai-agresive-de-propaganda-si-dezinformare\/","title":{"rendered":"Marcel Ciolacu: Asist\u0103m la o ascensiune fulminant\u0103 a extremismului \u015fi antisemitismului \u00een Europa \u015fi la campanii tot mai agresive de propagand\u0103 \u015fi dezinformare"},"content":{"rendered":"<p>\u201dTravers\u0103m una din cele mai dificile perioade istorice din ultimele decenii, \u00een care viteza schimb\u0103rilor la nivel interna\u0163ional \u015fi la nivelul societ\u0103\u0163ilor noastre este cople\u015fitoare. De aceea, este crucial s\u0103 fim con\u015ftien\u0163i cine ne sunt prietenii \u015fi s\u0103-i \u0163inem aproape. S\u0103rb\u0103torim ast\u0103zi 145 de ani de la stabilirea rela\u0163iilor diplomatice \u00eentre Rom\u00e2nia \u015fi Germania. La 20 februarie 1880, Germania, Fran\u0163a \u015fi Marea Britanie au recunoscut oficial independen\u0163a \u0163\u0103rii noastre. Statalitatea Rom\u00e2niei s-a construit cu sprijinul acestor trei mari puteri. Apar\u0163inem aceluia\u015fi spa\u0163iu de cultur\u0103 \u015fi de civiliza\u0163ie. Istoria, geografia, cultura \u015fi valorile \u00eemp\u0103rt\u0103\u015fite sunt tot at\u00e2tea argumente care ne oblig\u0103 s\u0103 mergem \u00eenainte \u00eempreun\u0103\u201d, a declarat premierul Ciolacu \u00een discurs.<\/p>\n<p>\u015eeful Executivului a precizat c\u0103 \u201daniversarea de ast\u0103zi ne g\u0103se\u015fte \u00eentr-o perioad\u0103 delicat\u0103 \u00een plan interna\u0163ional, \u00eens\u0103 \u015fi \u00eentr-un moment de excelen\u0163\u0103 al rela\u0163iilor rom\u00e2no-germane\u201d.<\/p>\n<p>\u201dDialogul politic consolidat la nivel \u00eenalt, faptul c\u0103 avem un Plan de ac\u0163iune comun \u00een curs de finalizare \u015fi cooperarea economic\u0103 str\u00e2ns\u0103 demonstreaz\u0103 profunzimea rela\u0163iei bilaterale dintre \u0163\u0103rile noastre, \u00eent\u0103rind vechiul proverb german: \u201efaptele vorbesc mai elocvent dec\u00e2t cuvintele\u201d. O astfel de realitate este \u015fi sprijinul acordat de Germania \u0163\u0103rii noastre pentru aderarea la spa\u0163iul Schengen, pentru care \u00eei suntem recunosc\u0103tori\u201d, a subliniat premierul.<\/p>\n<p>Ciolacu a mai declarat c\u0103 \u0163\u0103rile noastre au la baz\u0103 o leg\u0103tur\u0103 solid\u0103 asigurat\u0103 de comunitatea rom\u00e2neasc\u0103 din Germania \u015fi minoritatea german\u0103 din Rom\u00e2nia \u015fi totodat\u0103, rela\u0163ia dintre \u0163\u0103rile noastre se bucur\u0103 de leg\u0103turi economice \u015fi comerciale str\u00e2nse, aflate la cel mai ridicat nivel din ultimii 20 de ani.<\/p>\n<p>\u201dGermania este principalul partener economic al Rom\u00e2niei \u015fi avem toat\u0103 deschiderea pentru a \u00eent\u0103ri prezen\u0163a investitorilor germani pe pie\u0163ele rom\u00e2ne\u015fti\u201d, a spus premierul.<\/p>\n<p>\u015eeful Executivului a mai declarat c\u0103 \u201dne confrunt\u0103m cu un nivel nemai\u00eent\u00e2lnit al amenin\u0163\u0103rilor hibride tot mai sofisticate\u201d.<\/p>\n<p>\u201dDe asemenea, asist\u0103m la o ascensiune fulminant\u0103 a extremismului \u015fi antisemitismului \u00een Europa \u015fi la campanii tot mai agresive de propagand\u0103 \u015fi dezinformare r\u0103sp\u00e2ndite de regimurile autocratice. \u00cen fa\u0163a tuturor acestor provoc\u0103ri, solidaritatea \u015fi cooperarea la nivel bilateral \u015fi european sunt principii-cheie pentru ac\u0163iunile noastre\u201d, a apreciat premierul Ciolacu.<\/p>\n<p>El a ad\u0103ugat c\u0103 \u201dRomania \u015fi Germania \u00eemp\u0103rt\u0103\u015fesc acelea\u015fi valori democratice pe care se \u00eentemeiaz\u0103 Uniunea European\u0103: promovarea p\u0103cii \u015fi securit\u0103\u0163ii \u015fi respectarea drepturilor \u015fi libert\u0103\u0163ilor fundamentale\u201d.<\/p>\n<p>\u201dDe altfel, trebuie s\u0103 remarc\u0103m c\u0103 ziua de 20 februarie marcheaz\u0103 \u015fi Ziua mondial\u0103 a justi\u0163iei sociale, reamintindu-ne necesitatea de a proteja valori precum solidaritatea, egalitatea, echitatea sau accesul la bun\u0103stare social\u0103 \u015fi justi\u0163ie pentru to\u0163i\u201d, a \u0163inut s\u0103 precizeze Marcel Ciolacu. Premierul a mul\u0163umit Excelen\u0163ei Sale Ambasadorul Gebauer pentru rolul important pe care \u015fi l-a asumat \u00een dezvoltarea parteneriatului \u015fi prieteniei rom\u00e2no-germane.<\/p>","protected":false},"excerpt":{"rendered":"<p>\u201dTravers\u0103m una din cele mai dificile perioade istorice din ultimele decenii, \u00een care viteza schimb\u0103rilor&hellip;<\/p>\n","protected":false},"author":0,"featured_media":33380,"comment_status":"open","ping_status":"open","sticky":false,"template":"","format":"standard","meta":{"footnotes":""},"categories":[2],"tags":[],"class_list":["post-33379","post","type-post","status-publish","format-standard","has-post-thumbnail","hentry","category-actual"],"_links":{"self":[{"href":"https:\/\/247stiri.ro\/index.php\/wp-json\/wp\/v2\/posts\/33379","targetHints":{"allow":["GET"]}}],"collection":[{"href":"https:\/\/247stiri.ro\/index.php\/wp-json\/wp\/v2\/posts"}],"about":[{"href":"https:\/\/247stiri.ro\/index.php\/wp-json\/wp\/v2\/types\/post"}],"replies":[{"embeddable":true,"href":"https:\/\/247stiri.ro\/index.php\/wp-json\/wp\/v2\/comments?post=33379"}],"version-history":[{"count":0,"href":"https:\/\/247stiri.ro\/index.php\/wp-json\/wp\/v2\/posts\/33379\/revisions"}],"wp:featuredmedia":[{"embeddable":true,"href":"https:\/\/247stiri.ro\/index.php\/wp-json\/wp\/v2\/media\/33380"}],"wp:attachment":[{"href":"https:\/\/247stiri.ro\/index.php\/wp-json\/wp\/v2\/media?parent=33379"}],"wp:term":[{"taxonomy":"category","embeddable":true,"href":"https:\/\/247stiri.ro\/index.php\/wp-json\/wp\/v2\/categories?post=33379"},{"taxonomy":"post_tag","embeddable":true,"href":"https:\/\/247stiri.ro\/index.php\/wp-json\/wp\/v2\/tags?post=33379"}],"curies":[{"name":"wp","href":"https:\/\/api.w.org\/{rel}","templated":true}]}}