{"id":33381,"date":"2025-02-20T17:44:55","date_gmt":"2025-02-20T17:44:55","guid":{"rendered":"https:\/\/247stiri.ro\/index.php\/2025\/02\/20\/incendiu-in-uscatoria-unui-bloc-din-brasov-o-persoana-a-fost-transportata-de-urgenta-la-spital\/"},"modified":"2025-02-20T17:44:55","modified_gmt":"2025-02-20T17:44:55","slug":"incendiu-in-uscatoria-unui-bloc-din-brasov-o-persoana-a-fost-transportata-de-urgenta-la-spital","status":"publish","type":"post","link":"https:\/\/247stiri.ro\/index.php\/2025\/02\/20\/incendiu-in-uscatoria-unui-bloc-din-brasov-o-persoana-a-fost-transportata-de-urgenta-la-spital\/","title":{"rendered":"Incendiu \u00een usc\u0103toria unui bloc din Bra\u0219ov. O persoan\u0103 a fost transportat\u0103 de urgen\u021b\u0103 la spital"},"content":{"rendered":"<p><a href=\"https:\/\/www.realitatea.net\/stiri\/actual\/incendiu-puternic-in-bucure-ti-pe-oseaua-olteni-ei_5dcc9272406af85273d75b9f\" target=\"_blank\">Incidentul<\/a> a avut loc joi dup\u0103-amiaz\u0103, iar din informa\u021biile furnizate de reprezentan\u021bii ISU Bra\u0219ov 30 de locatari s-au autoevacuat, la scrut timp, dup\u0103 izbucnirea incendiului.<\/p>\n<p>\u201dAm fost anuntati de izbucnirea unui incendiu la usc\u0103toria unui bloc de locuin\u0163e din municipiul Bra\u015fov, situat\u0103 la etajul 3. La fa\u0163a locului au intervenit operativ dou\u0103 autospeciale de stingere, o autoscar\u0103, un echipaj SMURD \u015fi o ambulan\u0163\u0103 SAJ.<\/p>\n<p>\u00cen urma incendiului, aproxinativ 30 de persoane s-au autoevacuat. O persoan\u0103 a fost intoxicat\u0103 cu fum \u015fi a primit \u00eengrijiri medicale la fa\u0163a locului din partea personalului medical\u201d, a transmis, joi, ISU Bra\u015fov.<\/p>\n<p>Potrivit reprezentan\u021bilor institu\u021biei, incendiul a fost lichidat, iar echipajele de interven\u0163ie ac\u0163ioneaz\u0103 \u00een continuare pentru ventilarea casei sc\u0103rii \u015fi evacuarea fumului.<\/p>\n<p>Persoana intoxicat\u0103 cu fum a fost transportat\u0103 la Spitalul Judetean Bra\u015fov pentru investiga\u0163ii medicale suplimentare \u015fi \u00eengrijiri de specialitate.<\/p>","protected":false},"excerpt":{"rendered":"<p>Incidentul a avut loc joi dup\u0103-amiaz\u0103, iar din informa\u021biile furnizate de reprezentan\u021bii ISU Bra\u0219ov 30&hellip;<\/p>\n","protected":false},"author":0,"featured_media":33382,"comment_status":"open","ping_status":"open","sticky":false,"template":"","format":"standard","meta":{"footnotes":""},"categories":[2],"tags":[],"class_list":["post-33381","post","type-post","status-publish","format-standard","has-post-thumbnail","hentry","category-actual"],"_links":{"self":[{"href":"https:\/\/247stiri.ro\/index.php\/wp-json\/wp\/v2\/posts\/33381","targetHints":{"allow":["GET"]}}],"collection":[{"href":"https:\/\/247stiri.ro\/index.php\/wp-json\/wp\/v2\/posts"}],"about":[{"href":"https:\/\/247stiri.ro\/index.php\/wp-json\/wp\/v2\/types\/post"}],"replies":[{"embeddable":true,"href":"https:\/\/247stiri.ro\/index.php\/wp-json\/wp\/v2\/comments?post=33381"}],"version-history":[{"count":0,"href":"https:\/\/247stiri.ro\/index.php\/wp-json\/wp\/v2\/posts\/33381\/revisions"}],"wp:featuredmedia":[{"embeddable":true,"href":"https:\/\/247stiri.ro\/index.php\/wp-json\/wp\/v2\/media\/33382"}],"wp:attachment":[{"href":"https:\/\/247stiri.ro\/index.php\/wp-json\/wp\/v2\/media?parent=33381"}],"wp:term":[{"taxonomy":"category","embeddable":true,"href":"https:\/\/247stiri.ro\/index.php\/wp-json\/wp\/v2\/categories?post=33381"},{"taxonomy":"post_tag","embeddable":true,"href":"https:\/\/247stiri.ro\/index.php\/wp-json\/wp\/v2\/tags?post=33381"}],"curies":[{"name":"wp","href":"https:\/\/api.w.org\/{rel}","templated":true}]}}