{"id":33396,"date":"2025-02-20T19:44:49","date_gmt":"2025-02-20T19:44:49","guid":{"rendered":"https:\/\/247stiri.ro\/index.php\/2025\/02\/20\/planuri-pentru-turul-2-ce-a-negociat-george-simion-cu-liderii-lumii-in-statele-unite\/"},"modified":"2025-02-20T19:44:49","modified_gmt":"2025-02-20T19:44:49","slug":"planuri-pentru-turul-2-ce-a-negociat-george-simion-cu-liderii-lumii-in-statele-unite","status":"publish","type":"post","link":"https:\/\/247stiri.ro\/index.php\/2025\/02\/20\/planuri-pentru-turul-2-ce-a-negociat-george-simion-cu-liderii-lumii-in-statele-unite\/","title":{"rendered":"Planuri pentru Turul 2. Ce a negociat George Simion cu liderii lumii \u00een Statele Unite"},"content":{"rendered":"<p>George Simion face parte dintr-o delega\u0163ie a Partidului Conservatorilor \u015fi Reformi\u015ftilor Europeni (ECR), \u00een calitate de vicepre\u015fedinte, \u0219i a avut \u00eentrevederi cu personalit\u0103\u0163i precum strategul Steve Bannon, diplomatul american Richard Grenell, Eduardo Bolsonaro, membru al Camerei Deputa\u0163ilor din Brazilia, \u015fi Nigel Farage, membru al Parlamentului din Regatul Unit.<\/p>\n<p>\u201ePoporul rom\u00e2n a\u0219teapt\u0103 ve\u0219ti despre ce se mai \u00eent\u00e2mpl\u0103 despre lovitura de stat. M\u0103 \u00eentreab\u0103 mul\u021bi oameni de aici dac\u0103 vor fi aresta\u021bi de armat\u0103 dac\u0103 ajung la Bucure\u0219ti \u0219i dac\u0103 Statul Paralel a dat o lovitur\u0103. Le mai spun c\u0103 a venit discursul lui JD Vance de la M\u00fcnchen ca un pansament pentru noi rom\u00e2nii, care am crezut ni\u0219te propagandi\u0219ti cump\u0103ra\u021bi ca s\u0103 mint\u0103.\u00a0<\/p>\n<p>Va veni \u0219i Elon Musk aici la conven\u021bie. Americani fac un jur\u0103m\u00e2nt pentru steag. C\u00e2nt\u0103 imnul \u0219i \u021bin o rug\u0103ciune. Dac\u0103 am fi f\u0103cut \u0219i noi, AUR, a\u0219a ceva, ne-ar fi catalogat fasci\u0219ti. Eu \u00eempreun\u0103 cu Sorin Muncaciu am fost a\u0219eza\u021bi cu Matt Schlap cu Richard Grennel \u0219i fiul fostului pre\u0219edinte al Brazilie \u0219i alte personalit\u0103\u021bi.\u00a0<\/p>\n<p>Suntem respecta\u021bi ca rom\u00e2ni de mi\u0219carea conservatoare din SUA<\/p>\n<p>Rihcard Grrenell e dezam\u0103git c\u0103 ni\u0219te politruci de la noi l-au acuzat de presiuni f\u0103cute de el asupra fra\u021biolor Tate sau ale alegerilor. Este \u00een Top 5 \u00een trupa pre\u0219edintelui Trump. \u00cenainte a fost \u00een Venezuela, unde a adus 6 americani acas\u0103, a fost ambasador \u00een Germania \u0219i mediator \u00eentre Kosovo \u0219i Serbia. Sper\u0103m s\u0103 \u00een\u021beleag\u0103 conduc\u0103torii din Rom\u00e2nia c\u0103 este nevoie de reluarea Turului 2. Nu e nevoie de at\u00e2tea demersuri pentru ca cei din CCR s\u0103 dea o erat\u0103 \u0219i s\u0103 revenim la Turul 2. M\u00e2ine va fi \u0219i discursul Donald Trump, vom avea apari\u021bii la multe posturi TV, vom explica pentru americani ce este cu suveranismul din Rom\u00e2nia. Lupta pe care au dus-o americanii ca Trump s\u0103 ajung\u0103 la putere trebuie replicat\u0103 \u0219i \u00een Rom\u00e2nia, dar \u0219i \u00een Europa. Am v\u0103zut cum Macron blocheaz\u0103 valul MAGA s\u0103 vin\u0103 \u00een Europa. Unii care pl\u00e2ng\u0103 acum, or s\u0103 pl\u00e2ng\u0103 \u0219i mai mult \u0219i or s\u0103 stea \u00een cas\u0103. Cash Pattel est apropiatul lui Richard Grenell.\u00a0<\/p>\n<p>\u0218o\u0219oac\u0103 a venit cu bilet de 30 de dolari la conven\u021bie<\/p>\n<p>Lumea a aplaudat, \u00een semn de solidaritate pentru mi\u0219carea de eliberare din Rom\u00e2nia atunci c\u00e2nd JD Vance a criticat anularea alegerilor. Am mai v\u0103zut grupuri de oameni care \u00eencercau s\u0103 ajung\u0103 la oficialii SUA, cum sunt sud-coreenei, care se confrunt\u0103 cu o lovitur\u0103 de stat. Este \u0219i doamna \u0218o\u0219oac\u0103, dar \u0219i rom\u00e2ni de r\u00e2nd care fac parte din partidul de l guvern\u0103m\u00e2nt. \u0218o\u0219oac\u0103 a cump\u0103rat bilet, nu e scump,\u00a0 cost\u0103 cam 30 de dolari. Pe mine m-ar bucura ca \u0218o\u0219oac\u0103 s\u0103 nu candideze ca s\u0103 fragmenteze voturile suverani\u0219tilor. Avem nevoie de un plan B pentru ca domnul Georgescu s\u0103 candideze. Din partea AUR nu va candida nimeni, avem vot unanim pentru C\u0103lin Georgescu. Dac\u0103 Ciolacu nu pleac\u0103 de la guvern p\u00e2n\u0103 pe 1 martie, va avea mul\u021bi oameni \u00een strad\u0103.<\/p>\n<p>V\u0103d o administra\u021bie Trump care nu va ceda \u00een fa\u021ba lui Zelenski, Macron sau Von Der Leyen<\/p>\n<p>Trump a cerut insistent ca NATO s\u0103 fie func\u021bional\u0103 \u0219i s\u0103 nu ajungem \u00een situa\u021bia de r\u0103zboi efectiv. E cazul ca Trump s\u0103-\u0219i impun\u0103 punctul de vedere. E greu s\u0103 rescriem tratatele interna\u021bionale. Dup\u0103 al Doilea R\u0103zboi Mondial lucrurile au func\u021bionat \u00een acest scenariu, iar Trump a\u0219a vrea s\u0103 se continue.<\/p>\n<p>Sper ca mi\u0219carea MAGA s\u0103 se extind\u0103 \u00een toat\u0103 Europa, prin Make Europe Great Again. Cred c\u0103 CDU va fi la egalitatea cu AFD, \u00een Germania. Vrem s\u0103 vedem guverne suveraniste la nivelul UE, orientate c\u0103tre prosperitatea cet\u0103\u021beanului. Aloc\u0103m prea mul\u021bi bani func\u021bionarilor de la Bruxelles. S\u0103 ne lase s\u0103 avem egalitate de \u0219anse \u00eentr-o Europ\u0103 a na\u021biunilor. Au fost ni\u0219te reprezentan\u021bi din partea ambasadei Rom\u00e2niei \u00een SUA, au participat la conven\u021bie, la ultimele nu am v\u0103zut. S\u00e2mb\u0103t\u0103 voi fi la discursul lui Donald Trump, nu voi fi \u00een Rom\u00e2nia la str\u00e2ngerea de semn\u0103turi. De c\u00e2nd am plecat din \u021bar\u0103 s-au mai g\u0103sit dou\u0103 avioane care au zburat cu banii de la Nordis. O s\u0103 plece \u0219i el precum Iohannis, cu coada \u00eentre picioare. Dac\u0103 pleac\u0103 acum, probabil pedeapsa nu va fi at\u00e2t de mare. Nu e miz\u0103 s\u0103 cad\u0103 guvernul \u00een iunie, ci acum, ca s\u0103 avem pate de alegeri libere. Dac\u0103 el e tot \u00een fruntea guvernului, vor \u00eencerca s\u0103 fraudeze alegerile.<\/p>\n<p>Cred c\u0103 Bolojan s-a dus la Macron, dar nu cred c\u0103 reprezint\u0103 pe cineva din statul rom\u00e2n. L-a chemat pe domnul David pentru c\u0103 vrea s\u0103 scoat\u0103 istoria rom\u00e2nilor din curicul\u0103. N-am putut, e dictatur\u0103 \u00een Parlament. Dar preg\u0103tim surprize de aici din Statele Unite.<\/p>\n<p>La fel cum George Soros a suferit o \u00eenfr\u00e2ngere \u00een SUA, a\u0219a se va \u00eent\u00e2mpla \u0219i \u00een Rom\u00e2nia \u0219i Europa. Suntem parteneri, nu slugi!\u201d, a declarat George Simion la Realitatea Plus.<\/p>\n<p>\u00a0<\/p>\n\n<p><a title=\"@georgesimionoficial\" href=\"https:\/\/www.tiktok.com\/@georgesimionoficial?refer=embed\" target=\"_blank\">@georgesimionoficial<\/a><\/p>\n<p>Vicepre\u0219edintele JD Vance: Rom\u00e2nia \u00een primul r\u00e2nd<\/p>\n<p><a title=\"\u266c original sound - GEORGE SIMION\" href=\"https:\/\/www.tiktok.com\/music\/original-sound-7473530335687543575?refer=embed\" target=\"_blank\">\u266c original sound &#8211; GEORGE SIMION<\/a><a title=\"@georgesimionoficial\" href=\"https:\/\/www.tiktok.com\/@georgesimionoficial?refer=embed\" target=\"_blank\">@georgesimionoficial<\/a><\/p>\n<p>Pleac\u0103 Ciolacule<\/p>\n<p><a title=\"\u266c original sound - GEORGE SIMION\" href=\"https:\/\/www.tiktok.com\/music\/original-sound-7473422747193019138?refer=embed\" target=\"_blank\">\u266c original sound &#8211; GEORGE SIMION<\/a><\/p>","protected":false},"excerpt":{"rendered":"<p>George Simion face parte dintr-o delega\u0163ie a Partidului Conservatorilor \u015fi Reformi\u015ftilor Europeni (ECR), \u00een calitate&hellip;<\/p>\n","protected":false},"author":0,"featured_media":33395,"comment_status":"open","ping_status":"open","sticky":false,"template":"","format":"standard","meta":{"footnotes":""},"categories":[2],"tags":[],"class_list":["post-33396","post","type-post","status-publish","format-standard","has-post-thumbnail","hentry","category-actual"],"_links":{"self":[{"href":"https:\/\/247stiri.ro\/index.php\/wp-json\/wp\/v2\/posts\/33396","targetHints":{"allow":["GET"]}}],"collection":[{"href":"https:\/\/247stiri.ro\/index.php\/wp-json\/wp\/v2\/posts"}],"about":[{"href":"https:\/\/247stiri.ro\/index.php\/wp-json\/wp\/v2\/types\/post"}],"replies":[{"embeddable":true,"href":"https:\/\/247stiri.ro\/index.php\/wp-json\/wp\/v2\/comments?post=33396"}],"version-history":[{"count":0,"href":"https:\/\/247stiri.ro\/index.php\/wp-json\/wp\/v2\/posts\/33396\/revisions"}],"wp:featuredmedia":[{"embeddable":true,"href":"https:\/\/247stiri.ro\/index.php\/wp-json\/wp\/v2\/media\/33395"}],"wp:attachment":[{"href":"https:\/\/247stiri.ro\/index.php\/wp-json\/wp\/v2\/media?parent=33396"}],"wp:term":[{"taxonomy":"category","embeddable":true,"href":"https:\/\/247stiri.ro\/index.php\/wp-json\/wp\/v2\/categories?post=33396"},{"taxonomy":"post_tag","embeddable":true,"href":"https:\/\/247stiri.ro\/index.php\/wp-json\/wp\/v2\/tags?post=33396"}],"curies":[{"name":"wp","href":"https:\/\/api.w.org\/{rel}","templated":true}]}}