{"id":33398,"date":"2025-02-20T19:44:50","date_gmt":"2025-02-20T19:44:50","guid":{"rendered":"https:\/\/247stiri.ro\/index.php\/2025\/02\/20\/marcel-ciolacu-klaus-iohannis-nu-ar-fi-trebuit-sa-si-dea-demisia-in-contextul-negocierilor-dintre-rusia-si-sua\/"},"modified":"2025-02-20T19:44:50","modified_gmt":"2025-02-20T19:44:50","slug":"marcel-ciolacu-klaus-iohannis-nu-ar-fi-trebuit-sa-si-dea-demisia-in-contextul-negocierilor-dintre-rusia-si-sua","status":"publish","type":"post","link":"https:\/\/247stiri.ro\/index.php\/2025\/02\/20\/marcel-ciolacu-klaus-iohannis-nu-ar-fi-trebuit-sa-si-dea-demisia-in-contextul-negocierilor-dintre-rusia-si-sua\/","title":{"rendered":"Marcel Ciolacu: Klaus Iohannis nu ar fi trebuit s\u0103-\u015fi dea demisia \u00een contextul negocierilor dintre Rusia \u0219i SUA"},"content":{"rendered":"<p>\u201dSe schimb\u0103 lumea (&#8230;) problema este c\u00e2t de ancora\u0163i suntem noi s\u0103 facem fa\u0163\u0103 la aceste schimb\u0103ri\u201d, a declarat, Marcel Ciolacu, \u00eentr-un podcast difuzat joi sear\u0103.<\/p>\n<p>Premierul afirm\u0103 c\u0103 trebuie s\u0103 nu mai r\u0103m\u00e2nem prizonierii vechilor subiecte \u201dparazitare\u201d \u015fi s\u0103 \u00eenv\u0103\u0163\u0103m s\u0103 facem diferen\u0163a \u00eentre o postare pe TikTok \u015fi un comunicat oficial al Guvernului.<\/p>\n<p>Potrivit premierului, exist\u0103 unele subiecte cu adev\u0103rat importante \u015fi altele parazitare.<\/p>\n<p>\u201dKlaus Iohannis, din punctul meu de vedere, ca om politic \u015fi ca om de stat, nu ar fi trebuit s\u0103-\u015fi dea demisia. Unii v\u0103d prin demisia lui Klaus Iohannis o desumflare a tensiunii sociale, neuit\u00e2ndu-ne, totu\u015fi la contextul interna\u0163ional. Este greu s\u0103 ai un partener de dialog acum c\u00e2nd tu ai \u00een Rom\u00e2nia un pre\u015fedinte interimar. Mul\u0163i lideri, sun ferm convins, nu \u015ftiu c\u0103 \u00een Rom\u00e2nia este un pre\u015fedinte interimar. Cei deciden\u0163i \u015ftiu \u015fi este greu s\u0103 te bage&#8230;\u00cen contextul c\u00e2nd se negociaz\u0103 pacea din Ucraina, c\u00e2nd ne negociaz\u0103 influen\u0163ele geo-strategice \u015fi geo-politice din lume&#8230;noi suntem ca \u00eentre \u015fine. Ne-a g\u0103sit trenul \u00eentre \u015fine\u201d, a declarat Marcel Ciolacu.<\/p>\n<p>Potrivit acestuia, \u201d\u015fi Europa este \u00eentre \u015fine\u201d.<\/p>\n<p>\u201dVe\u0163i vedea modific\u0103ri de abordare \u00een parioada urm\u0103toare\u201d, afirm\u0103 premierul.<\/p>","protected":false},"excerpt":{"rendered":"<p>\u201dSe schimb\u0103 lumea (&#8230;) problema este c\u00e2t de ancora\u0163i suntem noi s\u0103 facem fa\u0163\u0103 la&hellip;<\/p>\n","protected":false},"author":0,"featured_media":33399,"comment_status":"open","ping_status":"open","sticky":false,"template":"","format":"standard","meta":{"footnotes":""},"categories":[2],"tags":[],"class_list":["post-33398","post","type-post","status-publish","format-standard","has-post-thumbnail","hentry","category-actual"],"_links":{"self":[{"href":"https:\/\/247stiri.ro\/index.php\/wp-json\/wp\/v2\/posts\/33398","targetHints":{"allow":["GET"]}}],"collection":[{"href":"https:\/\/247stiri.ro\/index.php\/wp-json\/wp\/v2\/posts"}],"about":[{"href":"https:\/\/247stiri.ro\/index.php\/wp-json\/wp\/v2\/types\/post"}],"replies":[{"embeddable":true,"href":"https:\/\/247stiri.ro\/index.php\/wp-json\/wp\/v2\/comments?post=33398"}],"version-history":[{"count":0,"href":"https:\/\/247stiri.ro\/index.php\/wp-json\/wp\/v2\/posts\/33398\/revisions"}],"wp:featuredmedia":[{"embeddable":true,"href":"https:\/\/247stiri.ro\/index.php\/wp-json\/wp\/v2\/media\/33399"}],"wp:attachment":[{"href":"https:\/\/247stiri.ro\/index.php\/wp-json\/wp\/v2\/media?parent=33398"}],"wp:term":[{"taxonomy":"category","embeddable":true,"href":"https:\/\/247stiri.ro\/index.php\/wp-json\/wp\/v2\/categories?post=33398"},{"taxonomy":"post_tag","embeddable":true,"href":"https:\/\/247stiri.ro\/index.php\/wp-json\/wp\/v2\/tags?post=33398"}],"curies":[{"name":"wp","href":"https:\/\/api.w.org\/{rel}","templated":true}]}}