{"id":33415,"date":"2025-02-20T20:44:52","date_gmt":"2025-02-20T20:44:52","guid":{"rendered":"https:\/\/247stiri.ro\/index.php\/2025\/02\/20\/trump-ameninta-cu-al-treilea-razboi-mondial-nu-este-departe-ce-plan-are-presedintele-sua-pentru-a-preveni-dezastrul\/"},"modified":"2025-02-20T20:44:52","modified_gmt":"2025-02-20T20:44:52","slug":"trump-ameninta-cu-al-treilea-razboi-mondial-nu-este-departe-ce-plan-are-presedintele-sua-pentru-a-preveni-dezastrul","status":"publish","type":"post","link":"https:\/\/247stiri.ro\/index.php\/2025\/02\/20\/trump-ameninta-cu-al-treilea-razboi-mondial-nu-este-departe-ce-plan-are-presedintele-sua-pentru-a-preveni-dezastrul\/","title":{"rendered":"Trump amenin\u021b\u0103 cu al Treilea R\u0103zboi Mondial: \u201eNu este departe\u201d. Ce plan are pre\u0219edintele SUA pentru a preveni dezastrul"},"content":{"rendered":"<p>\u00cen cadrul unui discurs \u0163inut la Summitul prioritar al Future Investment Initiative Institute, pre\u015fedintele Trump a declarat c\u0103 el se mi\u015fc\u0103 rapid \u00een \u00eentreaga lume \u201epentru a pune cap\u0103t r\u0103zboaielor\u201d pentru a restabili pacea \u00een lume, deoarece nu dore\u015fte s\u0103 vad\u0103 \u201etoat\u0103 lumea fiind ucis\u0103\u201d, scrie un site american.<\/p>\n<p>Potrivit mediafax.ro, pre\u015fedintele american a criticat din nou administra\u0163ia Biden, afirm\u00e2nd c\u0103 dac\u0103 aceasta s-ar mai fi aflat la conducere pentru \u00eenc\u0103 un an, \u201ea\u0163i fi fost \u00een al treilea r\u0103zboi mondial\u201d.<\/p>\n<p>\u201eUita\u0163i-v\u0103 la moartea din Orientul Mijlociu \u015fi la moartea care are loc \u00eentre Rusia \u015fi Ucraina, care a avut loc, \u015fi vom pune cap\u0103t. Nu exist\u0103 niciun profit pentru nimeni \u00een al treilea r\u0103zboi mondial, \u015fi nu sunte\u0163i at\u00e2t de departe de el\u201d, a mai spus Trump la Miami.<\/p>\n<p>Pre\u015fedintele american a mul\u0163umit Arabiei Saudite pentru faptul c\u0103 a g\u0103zduit negocierile de pace dintre oficialii americani \u015fi ru\u015fi desf\u0103\u015furate la Riad, numind aceste discu\u0163ii un \u201epas mare\u201d.<\/p>","protected":false},"excerpt":{"rendered":"<p>\u00cen cadrul unui discurs \u0163inut la Summitul prioritar al Future Investment Initiative Institute, pre\u015fedintele Trump&hellip;<\/p>\n","protected":false},"author":0,"featured_media":33416,"comment_status":"open","ping_status":"open","sticky":false,"template":"","format":"standard","meta":{"footnotes":""},"categories":[2],"tags":[],"class_list":["post-33415","post","type-post","status-publish","format-standard","has-post-thumbnail","hentry","category-actual"],"_links":{"self":[{"href":"https:\/\/247stiri.ro\/index.php\/wp-json\/wp\/v2\/posts\/33415","targetHints":{"allow":["GET"]}}],"collection":[{"href":"https:\/\/247stiri.ro\/index.php\/wp-json\/wp\/v2\/posts"}],"about":[{"href":"https:\/\/247stiri.ro\/index.php\/wp-json\/wp\/v2\/types\/post"}],"replies":[{"embeddable":true,"href":"https:\/\/247stiri.ro\/index.php\/wp-json\/wp\/v2\/comments?post=33415"}],"version-history":[{"count":0,"href":"https:\/\/247stiri.ro\/index.php\/wp-json\/wp\/v2\/posts\/33415\/revisions"}],"wp:featuredmedia":[{"embeddable":true,"href":"https:\/\/247stiri.ro\/index.php\/wp-json\/wp\/v2\/media\/33416"}],"wp:attachment":[{"href":"https:\/\/247stiri.ro\/index.php\/wp-json\/wp\/v2\/media?parent=33415"}],"wp:term":[{"taxonomy":"category","embeddable":true,"href":"https:\/\/247stiri.ro\/index.php\/wp-json\/wp\/v2\/categories?post=33415"},{"taxonomy":"post_tag","embeddable":true,"href":"https:\/\/247stiri.ro\/index.php\/wp-json\/wp\/v2\/tags?post=33415"}],"curies":[{"name":"wp","href":"https:\/\/api.w.org\/{rel}","templated":true}]}}