{"id":33417,"date":"2025-02-20T20:44:53","date_gmt":"2025-02-20T20:44:53","guid":{"rendered":"https:\/\/247stiri.ro\/index.php\/2025\/02\/20\/zilele-lui-toni-grebla-in-fruntea-aep-sunt-numarate-anuntul-premierului-ciolacu\/"},"modified":"2025-02-20T20:44:53","modified_gmt":"2025-02-20T20:44:53","slug":"zilele-lui-toni-grebla-in-fruntea-aep-sunt-numarate-anuntul-premierului-ciolacu","status":"publish","type":"post","link":"https:\/\/247stiri.ro\/index.php\/2025\/02\/20\/zilele-lui-toni-grebla-in-fruntea-aep-sunt-numarate-anuntul-premierului-ciolacu\/","title":{"rendered":"Zilele lui Toni Grebl\u0103 \u00een fruntea AEP sunt num\u0103rate. Anun\u021bul premierului Ciolacu"},"content":{"rendered":"<p>Macel Ciolacu a fost \u00eentrebat, \u00eentr-un podcast difuzat joi sear\u0103, ce l-a deranjat la anularea alegerilor \u015fi a afirmat: \u201dPrecedentul creat. M-a deranjat foarte mult \u015fi renum\u0103rarea\u201d.<\/p>\n<p>Pe\u015fedintele PSD, care a candidat \u00een alegerile preziden\u0163iale din noiembrie, a afirmat c\u0103, de\u015fi era doar diferen\u0163\u0103 de 2.000 de voturi \u00eentre el \u015fi Elena Lasconi care s-a clasat pe locul al doilea, a decis s\u0103 nu cear\u0103 renum\u0103rarea voturilor.<\/p>\n<p>\u201dNici nu \u015ftiu cum s-a terminat renum\u0103rarea, poate n-ar strica s\u0103 ne spun\u0103 AEP, c\u0103 \u00eentre timp au venit toate documentele. Eu n-am cerut, dar mi-a\u015f dori s\u0103 \u015ftiu, dar dup\u0103 alegeri, nu acum\u201d, a ad\u0103ufat Ciolacu.<\/p>\n<p>\u00centrebat dac\u0103 crede c\u0103 Toni Grebl\u0103 ar trebui s\u0103 mai conduc\u0103 Autoritatea Electoral\u0103 Permanent\u0103, Ciolacu a spus: \u201dNu, din mai multe motive, dar nu eu hot\u0103r\u00e2sc. Acest lucru \u00eel decide Parlamentul, dar din alte motive, care \u0163in de func\u0163ionare, de coordonare din Guvern \u015fi AEP\u201d.<\/p>\n<p>\u00a0<\/p>\n<p>\u00a0<\/p>","protected":false},"excerpt":{"rendered":"<p>Macel Ciolacu a fost \u00eentrebat, \u00eentr-un podcast difuzat joi sear\u0103, ce l-a deranjat la anularea&hellip;<\/p>\n","protected":false},"author":0,"featured_media":33406,"comment_status":"open","ping_status":"open","sticky":false,"template":"","format":"standard","meta":{"footnotes":""},"categories":[2],"tags":[],"class_list":["post-33417","post","type-post","status-publish","format-standard","has-post-thumbnail","hentry","category-actual"],"_links":{"self":[{"href":"https:\/\/247stiri.ro\/index.php\/wp-json\/wp\/v2\/posts\/33417","targetHints":{"allow":["GET"]}}],"collection":[{"href":"https:\/\/247stiri.ro\/index.php\/wp-json\/wp\/v2\/posts"}],"about":[{"href":"https:\/\/247stiri.ro\/index.php\/wp-json\/wp\/v2\/types\/post"}],"replies":[{"embeddable":true,"href":"https:\/\/247stiri.ro\/index.php\/wp-json\/wp\/v2\/comments?post=33417"}],"version-history":[{"count":0,"href":"https:\/\/247stiri.ro\/index.php\/wp-json\/wp\/v2\/posts\/33417\/revisions"}],"wp:featuredmedia":[{"embeddable":true,"href":"https:\/\/247stiri.ro\/index.php\/wp-json\/wp\/v2\/media\/33406"}],"wp:attachment":[{"href":"https:\/\/247stiri.ro\/index.php\/wp-json\/wp\/v2\/media?parent=33417"}],"wp:term":[{"taxonomy":"category","embeddable":true,"href":"https:\/\/247stiri.ro\/index.php\/wp-json\/wp\/v2\/categories?post=33417"},{"taxonomy":"post_tag","embeddable":true,"href":"https:\/\/247stiri.ro\/index.php\/wp-json\/wp\/v2\/tags?post=33417"}],"curies":[{"name":"wp","href":"https:\/\/api.w.org\/{rel}","templated":true}]}}