{"id":33418,"date":"2025-02-20T20:44:53","date_gmt":"2025-02-20T20:44:53","guid":{"rendered":"https:\/\/247stiri.ro\/index.php\/2025\/02\/20\/ciolacu-si-noaptea-pot-sa-ma-trezeasca-nu-vad-ei-nicio-demsie-avem-un-candidat-unic-asumat-crin-antonescu\/"},"modified":"2025-02-20T20:44:53","modified_gmt":"2025-02-20T20:44:53","slug":"ciolacu-si-noaptea-pot-sa-ma-trezeasca-nu-vad-ei-nicio-demsie-avem-un-candidat-unic-asumat-crin-antonescu","status":"publish","type":"post","link":"https:\/\/247stiri.ro\/index.php\/2025\/02\/20\/ciolacu-si-noaptea-pot-sa-ma-trezeasca-nu-vad-ei-nicio-demsie-avem-un-candidat-unic-asumat-crin-antonescu\/","title":{"rendered":"Ciolacu: \u0218i noaptea pot s\u0103 m\u0103 trezeasc\u0103, nu v\u0103d ei nicio demsie! Avem un candidat unic asumat, Crin Antonescu!"},"content":{"rendered":"<p>\u201dNormal c\u0103 nu trece nicio mo\u0163iune de cenzur\u0103. Noi nu ie\u015fim din logica electoral\u0103, nu \u015ftim c\u00e2nd s\u0103 ne oprim. Pot s\u0103 pun\u0103 mo\u0163iune c\u00e2nd vor ei, \u015fi noaptea pot s\u0103 m\u0103 trezeasc\u0103, nu va trece nicio mo\u0163iune, dar ei \u015ftiu lucrul acesta\u201d, a declarat Marcel Ciolacu, \u00eentr-un podcast difuzat joi sear\u0103.<\/p>\n<p>El a ad\u0103ugat c\u0103 nu s-a dus premier pentru dou\u0103 luni.\u00a0\u00a0<\/p>\n<p>\u201dAvem o coali\u0163ie asumat\u0103, avem un candidat unic asumat, Crin Antonescu \u015fi va r\u0103m\u00e2ne Crin Antonescu poate s\u0103 stea oricine \u00een cap. Cred c\u0103 joi o s\u0103 \u00eenregistr\u0103m la BEC alian\u0163a electoral\u0103 \u2013 PSD, PNL, UDMR \u015fi minorit\u0103\u0163i care-l sus\u0163in pe Crin Antonescu. Cumva, am \u00eenv\u0103\u0163at din alegerile europarlamentare\u201d, a mai declarat Ciolacu.<\/p>\n<p>\u00centrebat dac\u0103 va demisiona, Ciolacu a afirmat: \u201dNu. Categoric, nu! Nu, c\u0103 acum m-au enervat suficient de mult de nu mai v\u0103d ei nicio demisie\u201d.<\/p>\n<p>Liderul senatorilor AUR, Petri\u015for Peiu, a anun\u0163at miercuri c\u0103 textul mo\u0163iunii de cenzur\u0103 este scris \u015fi au 154 de semn\u0103turi str\u00e2nse, de la partidele AUR, SOS Rom\u00e2nia \u015fi POT, dar c\u0103 forma\u0163iunea a hot\u0103r\u00e2t s\u0103 a\u015ftepte o s\u0103pt\u0103m\u00e2n\u0103, p\u00e2n\u0103 miercurea viitoare, semn\u0103turile colegilor de la USR.<\/p>","protected":false},"excerpt":{"rendered":"<p>\u201dNormal c\u0103 nu trece nicio mo\u0163iune de cenzur\u0103. Noi nu ie\u015fim din logica electoral\u0103, nu&hellip;<\/p>\n","protected":false},"author":0,"featured_media":33419,"comment_status":"open","ping_status":"open","sticky":false,"template":"","format":"standard","meta":{"footnotes":""},"categories":[2],"tags":[],"class_list":["post-33418","post","type-post","status-publish","format-standard","has-post-thumbnail","hentry","category-actual"],"_links":{"self":[{"href":"https:\/\/247stiri.ro\/index.php\/wp-json\/wp\/v2\/posts\/33418","targetHints":{"allow":["GET"]}}],"collection":[{"href":"https:\/\/247stiri.ro\/index.php\/wp-json\/wp\/v2\/posts"}],"about":[{"href":"https:\/\/247stiri.ro\/index.php\/wp-json\/wp\/v2\/types\/post"}],"replies":[{"embeddable":true,"href":"https:\/\/247stiri.ro\/index.php\/wp-json\/wp\/v2\/comments?post=33418"}],"version-history":[{"count":0,"href":"https:\/\/247stiri.ro\/index.php\/wp-json\/wp\/v2\/posts\/33418\/revisions"}],"wp:featuredmedia":[{"embeddable":true,"href":"https:\/\/247stiri.ro\/index.php\/wp-json\/wp\/v2\/media\/33419"}],"wp:attachment":[{"href":"https:\/\/247stiri.ro\/index.php\/wp-json\/wp\/v2\/media?parent=33418"}],"wp:term":[{"taxonomy":"category","embeddable":true,"href":"https:\/\/247stiri.ro\/index.php\/wp-json\/wp\/v2\/categories?post=33418"},{"taxonomy":"post_tag","embeddable":true,"href":"https:\/\/247stiri.ro\/index.php\/wp-json\/wp\/v2\/tags?post=33418"}],"curies":[{"name":"wp","href":"https:\/\/api.w.org\/{rel}","templated":true}]}}