{"id":33434,"date":"2025-02-20T21:44:52","date_gmt":"2025-02-20T21:44:52","guid":{"rendered":"https:\/\/247stiri.ro\/index.php\/2025\/02\/20\/emmanuel-macron-se-duce-la-washington-ca-sa-l-invete-pe-donald-trump-cum-sa-negocieze-cu-vladimir-putin\/"},"modified":"2025-02-20T21:44:52","modified_gmt":"2025-02-20T21:44:52","slug":"emmanuel-macron-se-duce-la-washington-ca-sa-l-invete-pe-donald-trump-cum-sa-negocieze-cu-vladimir-putin","status":"publish","type":"post","link":"https:\/\/247stiri.ro\/index.php\/2025\/02\/20\/emmanuel-macron-se-duce-la-washington-ca-sa-l-invete-pe-donald-trump-cum-sa-negocieze-cu-vladimir-putin\/","title":{"rendered":"Emmanuel Macron se duce la Washington ca s\u0103-l \u00eenve\u021be pe Donald Trump cum s\u0103 negocieze cu Vladimir Putin"},"content":{"rendered":"<p>Declara\u021bia a fost f\u0103cut\u0103 joi, \u00een timpul unei sesiuni de \u00eentreb\u0103ri \u0219i r\u0103spunsuri de o or\u0103 pe re\u021belele de socializare.<\/p>\n<p>\u201eTrump, \u00eel cunosc. \u00cel respect \u0219i cred c\u0103 m\u0103 respect\u0103. \u00cei voi spune: \u00een ad\u00e2ncul sufletului nu po\u021bi fi slab \u00een fa\u021ba pre\u0219edintelui Vladimir Putin. Nu e\u0219ti tu, nu e din ce e\u0219ti f\u0103cut \u0219i nu e \u00een interesul t\u0103u\u201d, a spus Emmanuel Macron.<\/p>\n<p>Pre\u0219edintele francez a mai spus c\u0103 incertitudinea \u00een ceea ce prive\u0219te modul \u00een care Trump gestioneaz\u0103 problema Ucrainei este \u00eengrijor\u0103toare pentru alia\u021bi.<\/p>\n<p>\u201eCuv\u00e2ntul este incertitudine. Donald Trump provoac\u0103 incertitudine&#8221;, a ad\u0103ugat Macron.<\/p>\n<p>Liderul francez a mai spus c\u0103 cedarea \u00een fa\u021ba lui Putin ar \u00eengreuna situa\u021bia interna\u021bional\u0103. \u201eCum po\u021bi fi credibil cu China dac\u0103 e\u0219ti slab cu Putin? \u0218i tu, care nu vrei ca Iranul s\u0103 ob\u021bin\u0103 bomba nuclear\u0103, nu po\u021bi fi slab cu cineva care \u00eel ajut\u0103 s\u0103 ob\u021bin\u0103 una\u201d, a precizat Macron.<\/p>","protected":false},"excerpt":{"rendered":"<p>Declara\u021bia a fost f\u0103cut\u0103 joi, \u00een timpul unei sesiuni de \u00eentreb\u0103ri \u0219i r\u0103spunsuri de o&hellip;<\/p>\n","protected":false},"author":0,"featured_media":33430,"comment_status":"open","ping_status":"open","sticky":false,"template":"","format":"standard","meta":{"footnotes":""},"categories":[2],"tags":[],"class_list":["post-33434","post","type-post","status-publish","format-standard","has-post-thumbnail","hentry","category-actual"],"_links":{"self":[{"href":"https:\/\/247stiri.ro\/index.php\/wp-json\/wp\/v2\/posts\/33434","targetHints":{"allow":["GET"]}}],"collection":[{"href":"https:\/\/247stiri.ro\/index.php\/wp-json\/wp\/v2\/posts"}],"about":[{"href":"https:\/\/247stiri.ro\/index.php\/wp-json\/wp\/v2\/types\/post"}],"replies":[{"embeddable":true,"href":"https:\/\/247stiri.ro\/index.php\/wp-json\/wp\/v2\/comments?post=33434"}],"version-history":[{"count":0,"href":"https:\/\/247stiri.ro\/index.php\/wp-json\/wp\/v2\/posts\/33434\/revisions"}],"wp:featuredmedia":[{"embeddable":true,"href":"https:\/\/247stiri.ro\/index.php\/wp-json\/wp\/v2\/media\/33430"}],"wp:attachment":[{"href":"https:\/\/247stiri.ro\/index.php\/wp-json\/wp\/v2\/media?parent=33434"}],"wp:term":[{"taxonomy":"category","embeddable":true,"href":"https:\/\/247stiri.ro\/index.php\/wp-json\/wp\/v2\/categories?post=33434"},{"taxonomy":"post_tag","embeddable":true,"href":"https:\/\/247stiri.ro\/index.php\/wp-json\/wp\/v2\/tags?post=33434"}],"curies":[{"name":"wp","href":"https:\/\/api.w.org\/{rel}","templated":true}]}}