{"id":33435,"date":"2025-02-20T21:44:52","date_gmt":"2025-02-20T21:44:52","guid":{"rendered":"https:\/\/247stiri.ro\/index.php\/2025\/02\/20\/jd-vance-ii-ia-apararea-lui-trump-dupa-negocierile-cu-rusia-despre-pacea-din-ucraina\/"},"modified":"2025-02-20T21:44:52","modified_gmt":"2025-02-20T21:44:52","slug":"jd-vance-ii-ia-apararea-lui-trump-dupa-negocierile-cu-rusia-despre-pacea-din-ucraina","status":"publish","type":"post","link":"https:\/\/247stiri.ro\/index.php\/2025\/02\/20\/jd-vance-ii-ia-apararea-lui-trump-dupa-negocierile-cu-rusia-despre-pacea-din-ucraina\/","title":{"rendered":"JD Vance \u00eei ia ap\u0103rarea lui Trump dup\u0103 negocierile cu Rusia despre pacea din Ucraina"},"content":{"rendered":"<p>\u201eCum ai de g\u00e2nd s\u0103 pui cap\u0103t r\u0103zboiului dac\u0103 nu vorbe\u015fti cu Rusia?\u201d a declarat Vance \u00een timpul interven\u0163iilor la Conferin\u0163a de Ac\u0163iune Politic\u0103 Conservatoare (CPAC).<\/p>\n<p>O delega\u0163ie american\u0103 condus\u0103 de secretarul de stat Marco Rubio s-a \u00eent\u00e2lnit mar\u0163i la Riad cu o delega\u0163ie rus\u0103 pentru a discuta despre cum s\u0103 pun\u0103 cap\u0103t r\u0103zboiului din Ucraina. Ucraina nu a fost inclus\u0103, provoc\u00e2nd repro\u015furi din partea pre\u015fedintelui ucrainean Volodimir Zelenski. \u00cen zilele care au urmat, Trump \u015fi Zelenski au avut un schimb de replici. Trump l-a numit dictator pe omologul s\u0103u ucrainean \u015fi a sugerat \u00een mod fals c\u0103 Ucraina a \u00eenceput r\u0103zboiul. Zelenski a spus c\u0103 Trump repet\u0103 dezinform\u0103rile ruse\u015fti.<\/p>\n<p>Vance a evitat s\u0103 abordeze detaliile controversei atunci c\u00e2nd a luat cuv\u00e2ntul la marea adunare a conservatorilor care s-au reunit la periferia Washingtonului. El l-a numit pe Trump \u201eun negociator eficient\u201d care \u201enu d\u0103 nimic la o parte de pe masa\u201d discu\u0163iilor.<\/p>\n<p>Ca urmare a eforturilor sporite ale lui Trump \u00een ceea ce prive\u015fte r\u0103zboiul din Ucraina, \u201ecred cu adev\u0103rat c\u0103 suntem \u00een pragul p\u0103cii \u00een Europa pentru prima dat\u0103 \u00een ultimii trei ani\u201d, a spus Vance.<\/p>","protected":false},"excerpt":{"rendered":"<p>\u201eCum ai de g\u00e2nd s\u0103 pui cap\u0103t r\u0103zboiului dac\u0103 nu vorbe\u015fti cu Rusia?\u201d a declarat&hellip;<\/p>\n","protected":false},"author":0,"featured_media":33436,"comment_status":"open","ping_status":"open","sticky":false,"template":"","format":"standard","meta":{"footnotes":""},"categories":[2],"tags":[],"class_list":["post-33435","post","type-post","status-publish","format-standard","has-post-thumbnail","hentry","category-actual"],"_links":{"self":[{"href":"https:\/\/247stiri.ro\/index.php\/wp-json\/wp\/v2\/posts\/33435","targetHints":{"allow":["GET"]}}],"collection":[{"href":"https:\/\/247stiri.ro\/index.php\/wp-json\/wp\/v2\/posts"}],"about":[{"href":"https:\/\/247stiri.ro\/index.php\/wp-json\/wp\/v2\/types\/post"}],"replies":[{"embeddable":true,"href":"https:\/\/247stiri.ro\/index.php\/wp-json\/wp\/v2\/comments?post=33435"}],"version-history":[{"count":0,"href":"https:\/\/247stiri.ro\/index.php\/wp-json\/wp\/v2\/posts\/33435\/revisions"}],"wp:featuredmedia":[{"embeddable":true,"href":"https:\/\/247stiri.ro\/index.php\/wp-json\/wp\/v2\/media\/33436"}],"wp:attachment":[{"href":"https:\/\/247stiri.ro\/index.php\/wp-json\/wp\/v2\/media?parent=33435"}],"wp:term":[{"taxonomy":"category","embeddable":true,"href":"https:\/\/247stiri.ro\/index.php\/wp-json\/wp\/v2\/categories?post=33435"},{"taxonomy":"post_tag","embeddable":true,"href":"https:\/\/247stiri.ro\/index.php\/wp-json\/wp\/v2\/tags?post=33435"}],"curies":[{"name":"wp","href":"https:\/\/api.w.org\/{rel}","templated":true}]}}