{"id":33439,"date":"2025-02-20T22:44:48","date_gmt":"2025-02-20T22:44:48","guid":{"rendered":"https:\/\/247stiri.ro\/index.php\/2025\/02\/20\/crin-antonescu-i-a-dat-replica-lui-jd-vance-nu-vrea-domnul-vance-sa-vorbim-mai-in-detaliu-cate-dosare-politice-s-au-facut-sub-obladuirea-ambasadei-sua\/"},"modified":"2025-02-20T22:44:48","modified_gmt":"2025-02-20T22:44:48","slug":"crin-antonescu-i-a-dat-replica-lui-jd-vance-nu-vrea-domnul-vance-sa-vorbim-mai-in-detaliu-cate-dosare-politice-s-au-facut-sub-obladuirea-ambasadei-sua","status":"publish","type":"post","link":"https:\/\/247stiri.ro\/index.php\/2025\/02\/20\/crin-antonescu-i-a-dat-replica-lui-jd-vance-nu-vrea-domnul-vance-sa-vorbim-mai-in-detaliu-cate-dosare-politice-s-au-facut-sub-obladuirea-ambasadei-sua\/","title":{"rendered":"Crin Antonescu i-a dat replica lui JD Vance: \u201dNu vrea domnul Vance s\u0103 vorbim mai \u00een detaliu c\u00e2te dosare politice s-au f\u0103cut sub obl\u0103duirea ambasadei\u00a0SUA?\u201d"},"content":{"rendered":"<p>\u201eTotu\u015fi, dac\u0103 vorbim de ceea ce unii numesc \u00een Rom\u00e2nia soro\u015fism \u015fi \u00een Statele Unite, \u015fi de lucrurile care s-au \u00eent\u00e2mplat, nu dore\u015fte oare domnul Vance s\u0103 facem o dezbatere un pic mai \u00een detaliu despre ce s-a \u00eent\u00e2mplat \u00een Rom\u00e2nia, sub influen\u0163a tot a unei administra\u0163ii americane, numai c\u0103 democrat\u0103? Nu vrea domnul Vance s\u0103 discut\u0103m c\u00e2te dosare politice s-au f\u0103cut \u00een justi\u0163ia din Rom\u00e2nia \u00een ultimii ani, sub obl\u0103duirea Ambasadei Statelor Unite, chiar dac\u0103 sub un alt regim? Nu vrea domnul Vance s\u0103 vedem c\u00e2\u0163i oameni au fost sco\u015fi pe nedrept, achita\u0163i ulterior, din via\u0163a politic\u0103?\u201d, a declarat Crin Antonescu, la B1TV, joi sear\u0103.Antonescu a mai afirmat c\u0103, dac\u0103 nu discut\u0103m despre aceste lucruri, \u201em\u00e2ine-poim\u00e2ine \u015fi doamna \u015eo\u015foac\u0103 este declarat\u0103 suveranist\u0103\u201d.\u201eOri discut\u0103m aceste lucruri p\u00e2n\u0103 la cap\u0103t, ori ne putem pomeni, a\u015fa, superficial, c\u0103 m\u00e2ine-poim\u00e2ine \u015fi doamna \u015eo\u015foac\u0103 este declarat\u0103 suveranist\u0103, campioana libert\u0103\u0163ii \u015fi a abolirii cenzurii \u00een Rom\u00e2nia. Ori discut\u0103m toate lucrurile astea serios ori, nu. Dar \u00eenc\u0103 o dat\u0103 spun, domnul Vance are libertatea \u015fi, desigur, \u015fi puterea s\u0103 vorbeasc\u0103 despre oricine \u015fi despre orice, domnul Musk la fel, nu noi suntem \u00een stare sau nu noi avem de g\u00e2nd s\u0103 i le \u015ftirbim, dar ce trebuie s\u0103 facem noi este s\u0103 facem \u00een a\u015fa fel \u00eenc\u00e2t s\u0103 discute nu doar cu doamna \u015eo\u015foac\u0103 sau eventual cu domnul Georgescu de la Bucure\u015fti\u201d, a ad\u0103ugat Antonescu.<\/p>\n<p>Crin Antonescu a mai vorbit despre convocarea CSAT \u0219i despre for\u021bele pro-occidentale din Rom\u00e2nia.<\/p>\n<p>\u201eS\u0103 se pun\u0103 cap la cap toate informa\u021biile \u0219i apoi acest dialog s\u0103 exprime \u00eenc\u0103 o dat\u0103 voin\u021ba Rom\u00e2niei, cred c\u0103 este momentul pentru c\u0103 altfel c\u0103 li se va p\u0103rea unora c\u0103 cei care \u021bip\u0103 mai tare reprezint\u0103 poporul rom\u00e2n\u201d, a precizat Crin Antonescu.<\/p>\n<p>\u00a0<\/p>","protected":false},"excerpt":{"rendered":"<p>\u201eTotu\u015fi, dac\u0103 vorbim de ceea ce unii numesc \u00een Rom\u00e2nia soro\u015fism \u015fi \u00een Statele Unite,&hellip;<\/p>\n","protected":false},"author":0,"featured_media":33440,"comment_status":"open","ping_status":"open","sticky":false,"template":"","format":"standard","meta":{"footnotes":""},"categories":[2],"tags":[],"class_list":["post-33439","post","type-post","status-publish","format-standard","has-post-thumbnail","hentry","category-actual"],"_links":{"self":[{"href":"https:\/\/247stiri.ro\/index.php\/wp-json\/wp\/v2\/posts\/33439","targetHints":{"allow":["GET"]}}],"collection":[{"href":"https:\/\/247stiri.ro\/index.php\/wp-json\/wp\/v2\/posts"}],"about":[{"href":"https:\/\/247stiri.ro\/index.php\/wp-json\/wp\/v2\/types\/post"}],"replies":[{"embeddable":true,"href":"https:\/\/247stiri.ro\/index.php\/wp-json\/wp\/v2\/comments?post=33439"}],"version-history":[{"count":0,"href":"https:\/\/247stiri.ro\/index.php\/wp-json\/wp\/v2\/posts\/33439\/revisions"}],"wp:featuredmedia":[{"embeddable":true,"href":"https:\/\/247stiri.ro\/index.php\/wp-json\/wp\/v2\/media\/33440"}],"wp:attachment":[{"href":"https:\/\/247stiri.ro\/index.php\/wp-json\/wp\/v2\/media?parent=33439"}],"wp:term":[{"taxonomy":"category","embeddable":true,"href":"https:\/\/247stiri.ro\/index.php\/wp-json\/wp\/v2\/categories?post=33439"},{"taxonomy":"post_tag","embeddable":true,"href":"https:\/\/247stiri.ro\/index.php\/wp-json\/wp\/v2\/tags?post=33439"}],"curies":[{"name":"wp","href":"https:\/\/api.w.org\/{rel}","templated":true}]}}