{"id":33450,"date":"2025-02-21T05:47:05","date_gmt":"2025-02-21T05:47:05","guid":{"rendered":"https:\/\/247stiri.ro\/index.php\/2025\/02\/21\/razboi-in-ucraina-ziua-1094-liderul-european-marcant-pozitie-ferma-fata-de-aderarea-ucrainei-la-nato-si-ue-nimeni-nu-are-dreptul-sa-spuna-ca-ucraina-nu-are-dreptul-sa-intre\/"},"modified":"2025-02-21T05:47:05","modified_gmt":"2025-02-21T05:47:05","slug":"razboi-in-ucraina-ziua-1094-liderul-european-marcant-pozitie-ferma-fata-de-aderarea-ucrainei-la-nato-si-ue-nimeni-nu-are-dreptul-sa-spuna-ca-ucraina-nu-are-dreptul-sa-intre","status":"publish","type":"post","link":"https:\/\/247stiri.ro\/index.php\/2025\/02\/21\/razboi-in-ucraina-ziua-1094-liderul-european-marcant-pozitie-ferma-fata-de-aderarea-ucrainei-la-nato-si-ue-nimeni-nu-are-dreptul-sa-spuna-ca-ucraina-nu-are-dreptul-sa-intre\/","title":{"rendered":"R\u0103zboi \u00een Ucraina, ziua 1094. Liderul european marcant, pozi\u021bie ferm\u0103 fa\u021b\u0103 de aderarea Ucrainei la NATO \u0219i UE: &#8222;Nimeni nu are dreptul s\u0103 spun\u0103&#8221; c\u0103 &#8222;Ucraina nu are dreptul s\u0103 intre&#8221;"},"content":{"rendered":"<p>UPDATE 7:44 &#8211; Rubio: Nu va exista o \u00eent\u00e2lnire Trump-Putin p\u00e2n\u0103 nu vom \u0219ti despre ce va fi vorba<\/p>\n<p>O posibil\u0103 \u00eent\u00e2lnire \u00eentre pre\u0219edintele american Donald Trump \u0219i pre\u0219edintele rus Vladimir Putin \u201eva depinde \u00een mare m\u0103sur\u0103 de faptul dac\u0103 putem face vreun progres \u00een ceea ce prive\u0219te \u00eencheierea r\u0103zboiului din Ucraina\u201d, a declarat joi sear\u0103 secretarul de stat american Marco Rubio.<\/p>\n<p>Rubio a spus c\u0103 a discutat despre o astfel de \u00eent\u00e2lnire atunci c\u00e2nd s-a \u00eent\u00e2lnit mar\u021bi cu ministrul rus de externe Serghei Lavrov \u00een Arabia Saudit\u0103, c\u00e2nd le-a transmis, lui Lavrov \u0219i oficialilor ru\u0219i c\u0103 \u201enu va exista o \u00eent\u00e2lnire p\u00e2n\u0103 c\u00e2nd nu vom \u0219ti despre ce va fi vorba\u201d, noteaz\u0103 Reuters.<\/p>\n<p>\u201eCred c\u0103 momentul \u00een care va avea loc aceast\u0103 \u00eent\u00e2lnire va depinde \u00een mare m\u0103sur\u0103 de faptul dac\u0103 putem face vreun progres \u00een ceea ce prive\u0219te \u00eencetarea r\u0103zboiului din Ucraina\u201d, i-a spus Rubio jurnalistei Catherine Herridge \u00eentr-un interviu difuzat pe re\u021beaua X.<\/p>\n<p>UPDATE 7:10 &#8211; &#8222;Cred c\u0103 \u00een momentul \u00een care ne afl\u0103m, \u00een timp ce Ucraina este \u00een r\u0103zboi \u0219i rezist\u0103 \u0219i \u00ee\u0219i pierde zilnic copiii pentru a-\u0219i ap\u0103ra teritoriul, nimeni nu are dreptul s\u0103 spun\u0103: Ucraina nu are dreptul s\u0103 intre \u00een Uniunea European\u0103, Ucraina nu are dreptul s\u0103 intre \u00een NATO&#8221;, a afirmat pre\u0219edintele francez. Liderul de la Palatul Elysee a transmis, totodat\u0103, c\u0103 acest punct &#8222;va face parte din negocierile de pace&#8221;, relateaz\u0103 AFB.<\/p>\n<p>Emmanuel Macron a insistat asupra faptului c\u0103 nu inten\u021bioneaz\u0103 s\u0103 trimit\u0103 solda\u021bi &#8222;m\u00e2ine&#8221; \u00een Ucraina, ci doar odat\u0103 ce pacea a fost \u00eencheiat\u0103 pentru a o &#8222;garanta&#8221; \u00een fa\u021ba ru\u0219ilor.<\/p>","protected":false},"excerpt":{"rendered":"<p>UPDATE 7:44 &#8211; Rubio: Nu va exista o \u00eent\u00e2lnire Trump-Putin p\u00e2n\u0103 nu vom \u0219ti despre&hellip;<\/p>\n","protected":false},"author":0,"featured_media":33451,"comment_status":"open","ping_status":"open","sticky":false,"template":"","format":"standard","meta":{"footnotes":""},"categories":[4],"tags":[],"class_list":["post-33450","post","type-post","status-publish","format-standard","has-post-thumbnail","hentry","category-extern"],"_links":{"self":[{"href":"https:\/\/247stiri.ro\/index.php\/wp-json\/wp\/v2\/posts\/33450","targetHints":{"allow":["GET"]}}],"collection":[{"href":"https:\/\/247stiri.ro\/index.php\/wp-json\/wp\/v2\/posts"}],"about":[{"href":"https:\/\/247stiri.ro\/index.php\/wp-json\/wp\/v2\/types\/post"}],"replies":[{"embeddable":true,"href":"https:\/\/247stiri.ro\/index.php\/wp-json\/wp\/v2\/comments?post=33450"}],"version-history":[{"count":0,"href":"https:\/\/247stiri.ro\/index.php\/wp-json\/wp\/v2\/posts\/33450\/revisions"}],"wp:featuredmedia":[{"embeddable":true,"href":"https:\/\/247stiri.ro\/index.php\/wp-json\/wp\/v2\/media\/33451"}],"wp:attachment":[{"href":"https:\/\/247stiri.ro\/index.php\/wp-json\/wp\/v2\/media?parent=33450"}],"wp:term":[{"taxonomy":"category","embeddable":true,"href":"https:\/\/247stiri.ro\/index.php\/wp-json\/wp\/v2\/categories?post=33450"},{"taxonomy":"post_tag","embeddable":true,"href":"https:\/\/247stiri.ro\/index.php\/wp-json\/wp\/v2\/tags?post=33450"}],"curies":[{"name":"wp","href":"https:\/\/api.w.org\/{rel}","templated":true}]}}