{"id":33452,"date":"2025-02-21T05:47:06","date_gmt":"2025-02-21T05:47:06","guid":{"rendered":"https:\/\/247stiri.ro\/index.php\/2025\/02\/21\/ciolacu-vizita-cruciala-la-bruxelles-pentru-renegocierea-pnrr-seful-guvernului-se-va-intalni-cu-ursula-von-der-leyen\/"},"modified":"2025-02-21T05:47:06","modified_gmt":"2025-02-21T05:47:06","slug":"ciolacu-vizita-cruciala-la-bruxelles-pentru-renegocierea-pnrr-seful-guvernului-se-va-intalni-cu-ursula-von-der-leyen","status":"publish","type":"post","link":"https:\/\/247stiri.ro\/index.php\/2025\/02\/21\/ciolacu-vizita-cruciala-la-bruxelles-pentru-renegocierea-pnrr-seful-guvernului-se-va-intalni-cu-ursula-von-der-leyen\/","title":{"rendered":"Ciolacu, vizit\u0103 crucial\u0103 la Bruxelles pentru renegocierea PNRR. \u0218eful Guvernului se va \u00eent\u00e2lni cu Ursula von der Leyen"},"content":{"rendered":"<p>Programul vizitei la Bruxelles include o \u00eentrevedere tete-a-tete \u00eentre premierul Marcel Ciolacu \u0219i pre\u0219edinta Ursula von der Leyen, precum \u0219i o \u00eentrevedere \u00een plen a delega\u021biei guvernamentale rom\u00e2ne cu o delega\u021bie a Comisiei Europene.Din delega\u021bia oficial\u0103 care \u00eel \u00eenso\u021be\u0219te pe premierul Marcel Ciolacu la Bruxelles fac parte vicepremierul \u0219i ministrul de Finan\u021be Tanczos Barna, \u0219i ministrul Investi\u021biilor \u0219i Proiectelor Europene, Marcel Bolo\u0219.\u00cen ceea ce prive\u0219te renegocierea PNRR, obiectivul premierului Marcel Ciolacu \u0219i al delega\u021biei guvernamentale este de a conveni \u00eempreun\u0103 cu oficialii Comisiei renegocierea unor aspecte legate de \u021bintele \u0219i jaloanele prev\u0103zute \u00een cadrul acestui plan de investi\u021bii publice \u0219i reforme astfel \u00eenc\u00e2t Rom\u00e2nia s\u0103 poat\u0103 absorbi integral fondurile care i-au fost alocate prin mecanismul european pentru redresare \u0219i rezilien\u021b\u0103, precizeaz\u0103 sursa citat\u0103.&#8221;Suntem ferm motiva\u021bi s\u0103 ne mobiliz\u0103m pentru a recupera decalajele \u00eenregistrate, din p\u0103cate, p\u00e2n\u0103 acum, \u00een atragerea acestor finan\u021b\u0103ri. Exist\u0103 \u00eens\u0103 o serie de aspecte \u00een cadrul PNRR care necesit\u0103 adaptarea la realit\u0103\u021bile actuale \u0219i o reprofilare a investi\u021biilor cu o cofinan\u021bare mai mic\u0103&#8221;, a declarat premierul Marcel Ciolacu \u00eenaintea vizitei de lucru la Bruxelles, potrivit comunicatului citat.\u0218eful Executivului consider\u0103 c\u0103 anii 2025 \u0219i 2026 sunt decisivi ca Rom\u00e2nia s\u0103 poat\u0103 beneficia integral de finan\u021b\u0103rile din PNRR, context \u00een care va monitoriza \u00eendeaproape respectarea termenelor necesare pentru atragerea acestor fonduri.<\/p>","protected":false},"excerpt":{"rendered":"<p>Programul vizitei la Bruxelles include o \u00eentrevedere tete-a-tete \u00eentre premierul Marcel Ciolacu \u0219i pre\u0219edinta Ursula&hellip;<\/p>\n","protected":false},"author":0,"featured_media":33453,"comment_status":"open","ping_status":"open","sticky":false,"template":"","format":"standard","meta":{"footnotes":""},"categories":[3],"tags":[],"class_list":["post-33452","post","type-post","status-publish","format-standard","has-post-thumbnail","hentry","category-politica"],"_links":{"self":[{"href":"https:\/\/247stiri.ro\/index.php\/wp-json\/wp\/v2\/posts\/33452","targetHints":{"allow":["GET"]}}],"collection":[{"href":"https:\/\/247stiri.ro\/index.php\/wp-json\/wp\/v2\/posts"}],"about":[{"href":"https:\/\/247stiri.ro\/index.php\/wp-json\/wp\/v2\/types\/post"}],"replies":[{"embeddable":true,"href":"https:\/\/247stiri.ro\/index.php\/wp-json\/wp\/v2\/comments?post=33452"}],"version-history":[{"count":0,"href":"https:\/\/247stiri.ro\/index.php\/wp-json\/wp\/v2\/posts\/33452\/revisions"}],"wp:featuredmedia":[{"embeddable":true,"href":"https:\/\/247stiri.ro\/index.php\/wp-json\/wp\/v2\/media\/33453"}],"wp:attachment":[{"href":"https:\/\/247stiri.ro\/index.php\/wp-json\/wp\/v2\/media?parent=33452"}],"wp:term":[{"taxonomy":"category","embeddable":true,"href":"https:\/\/247stiri.ro\/index.php\/wp-json\/wp\/v2\/categories?post=33452"},{"taxonomy":"post_tag","embeddable":true,"href":"https:\/\/247stiri.ro\/index.php\/wp-json\/wp\/v2\/tags?post=33452"}],"curies":[{"name":"wp","href":"https:\/\/api.w.org\/{rel}","templated":true}]}}