{"id":33460,"date":"2025-02-21T05:47:09","date_gmt":"2025-02-21T05:47:09","guid":{"rendered":"https:\/\/247stiri.ro\/index.php\/2025\/02\/21\/cum-arata-noua-dacia-spring-si-cat-va-costa\/"},"modified":"2025-02-21T05:47:09","modified_gmt":"2025-02-21T05:47:09","slug":"cum-arata-noua-dacia-spring-si-cat-va-costa","status":"publish","type":"post","link":"https:\/\/247stiri.ro\/index.php\/2025\/02\/21\/cum-arata-noua-dacia-spring-si-cat-va-costa\/","title":{"rendered":"Cum arat\u0103 noua Dacia Spring \u0219i c\u00e2t va costa"},"content":{"rendered":"<p>\u201eUn nou automobil electric european, nu science-fiction. Dezvoltare rapid\u0103: desenat \u0219i dezvoltat \u00een doar 16 luni. Pre\u021b accesibil: disponibil pentru sub 18.000 de euro. Suntem emo\u021biona\u021bi s\u0103 introducem noul nostru automobil electric din segmentul A, fabricat \u00een Europa! Dacia merge mai departe \u00een oferta de mobilitate electric\u0103 accesibil. Sta\u021bi conecta\u021bi\u201d a transmis Denis le Vot, CEO al m\u0103rcii Dacia, la c\u00e2teva ore dup\u0103 ce Luca de Meo, CEO al Group Renault, a anun\u021bat \u00een premier\u0103 informa\u021bia privind startul dezvolt\u0103rii unui nou model urban electric de c\u0103tre marca Dacia, cu ajutorul echipei Ampere China Development Center (ACDC), localizat\u0103 \u00een Shnaghai, potivit profit.ro<\/p>\n<p>Le Vot a publicat odat\u0103 cu mesajul s\u0103u \u0219i o schi\u021b\u0103 care arat\u0103 un automobil cu tr\u0103s\u0103turi de crossover bine marcate, cu un profil ce aminte\u0219te de conceptul Manifesto.<\/p>\n<p>\u0218eful Renault, Luca de Meo, a anun\u021bat \u00een cadrul conferin\u021bei de prezentare a rezultatelor financiare c\u0103 noul model va scurta timpul de dezvoltare cu care era obi\u0219nuit\u0103 industria auto, va fi produs chiar mai repede dec\u00e2t Twingo, preg\u0103tit pentru 2026, \u0219i va fi produs \u00een Europa.<\/p>\n<p>Nu au fost oferite informa\u021bii privind fabrica \u00een care va fi alocat noul model, dar cea mai logic\u0103 variant\u0103 ar fi ca acesta s\u0103 fie produs \u00een Slovenia, acolo unde va fi asamblat viitorul Renault Twingo. \u00cen acela\u0219i timp, o posibil\u0103 modernizare a uzinei din Rom\u00e2nia, pentru a putea fabrica ma\u0219ini electrice, ar aduce costuri mai mici cu for\u021ba de munc\u0103, dar investi\u021bii suplimentare \u00een tehnologie. Nicio alt\u0103 op\u021biune, \u00een afara celor dou\u0103 \u021b\u0103ri, nu este viabil\u0103 pentru Dacia \u00een acest moment.<\/p>\n<p>\u201e\u0218tirea zilei, preg\u0103tim o nou\u0103 etap\u0103 \u00een materie de accesibiltate, mergem \u00eenapoi \u00een buc\u0103t\u0103ria Dacia, unde Ampere \u0219i cei de la ACDC lucreaz\u0103 la un nou vehicul electric de segment A, construit \u00een Europa, \u0219i \u00eel vor dezvolta \u00een 16 luni. Repet, 16 luni, fa\u021b\u0103 de 21 de luni Twingo, care era deja destul de rapid, este o adev\u0103rat\u0103 performan\u021b\u0103, provoc orice competitor din lume s\u0103 fac\u0103 asta, inclusiv pe chinezi, c\u00e2nd vor veni \u00een Europa. \u0218i va fi cu adevarat o Dacia, \u00eentotdeauna cea mai bun\u0103 valoare pentru bani, pentru c\u0103 ne-am propus s\u0103 vindem ma\u0219ina sub 18.000 de euro, bine\u00een\u021beles s\u0103 facem bani, \u00een modul \u00een care Dacia este obi\u0219nuit\u0103 s\u0103 fac\u0103\u201d, a transmis Luca de Meo, care a prezentat \u0219i o imagine cu un automobil acoperit cu o prelat\u0103.<\/p>\n<p>Procesul Leap 100, care va permite Dacia s\u0103 dezvolte \u00een mai pu\u021bin de 2 ani viitorul model, numit probabil tot Spring, a fost posibil prin reducerea num\u0103rului de componente, prin utilizarea furnizorilor din China, prin folosirea bateriilor LFP, mai ieftine. \u201eNe-am asociat cu cei mai buni, am \u00eenv\u0103\u021bat de la ei \u0219i am creat \u00een Shanghai Ampere China Development Center (ACDC) pentru a pune Renault \u00een cel mai vibrant ecosistem global\u201d, a spus Luca de Meo.<\/p>\n<p>Dacia a confirmat anterior lansarea, \u00een 2027 \u2013 2028, a urm\u0103toarei genera\u021bii Sandero care va avea \u0219i propulsie electric\u0103, dar nu va renun\u021ba la motoarele cu combustie \u0219i la cele hibride, pe care urmeaz\u0103 s\u0103 le primeasc\u0103 \u00een acest an \u0219i pe actuala genera\u021bie. Asta \u00eenseamn\u0103 c\u0103 \u00een 2028 Dacia va avea cel pu\u021bin dou\u0103 modele electrice, la care s-ar putea ad\u0103uga, \u00een scurt timp dup\u0103 acel moment, \u0219i urm\u0103torul Jogger, care \u00eemparte cu Sandero platforma \u0219i 75% dintre componente.<\/p>","protected":false},"excerpt":{"rendered":"<p>\u201eUn nou automobil electric european, nu science-fiction. Dezvoltare rapid\u0103: desenat \u0219i dezvoltat \u00een doar 16&hellip;<\/p>\n","protected":false},"author":0,"featured_media":33438,"comment_status":"open","ping_status":"open","sticky":false,"template":"","format":"standard","meta":{"footnotes":""},"categories":[2],"tags":[],"class_list":["post-33460","post","type-post","status-publish","format-standard","has-post-thumbnail","hentry","category-actual"],"_links":{"self":[{"href":"https:\/\/247stiri.ro\/index.php\/wp-json\/wp\/v2\/posts\/33460","targetHints":{"allow":["GET"]}}],"collection":[{"href":"https:\/\/247stiri.ro\/index.php\/wp-json\/wp\/v2\/posts"}],"about":[{"href":"https:\/\/247stiri.ro\/index.php\/wp-json\/wp\/v2\/types\/post"}],"replies":[{"embeddable":true,"href":"https:\/\/247stiri.ro\/index.php\/wp-json\/wp\/v2\/comments?post=33460"}],"version-history":[{"count":0,"href":"https:\/\/247stiri.ro\/index.php\/wp-json\/wp\/v2\/posts\/33460\/revisions"}],"wp:featuredmedia":[{"embeddable":true,"href":"https:\/\/247stiri.ro\/index.php\/wp-json\/wp\/v2\/media\/33438"}],"wp:attachment":[{"href":"https:\/\/247stiri.ro\/index.php\/wp-json\/wp\/v2\/media?parent=33460"}],"wp:term":[{"taxonomy":"category","embeddable":true,"href":"https:\/\/247stiri.ro\/index.php\/wp-json\/wp\/v2\/categories?post=33460"},{"taxonomy":"post_tag","embeddable":true,"href":"https:\/\/247stiri.ro\/index.php\/wp-json\/wp\/v2\/tags?post=33460"}],"curies":[{"name":"wp","href":"https:\/\/api.w.org\/{rel}","templated":true}]}}