{"id":33465,"date":"2025-02-21T06:47:33","date_gmt":"2025-02-21T06:47:33","guid":{"rendered":"https:\/\/247stiri.ro\/index.php\/2025\/02\/21\/ultima-saptamana-cu-temperaturi-mai-scazute-decat-normalele-perioadei-vremea-schimba-foaia-din-3-martie-la-ce-temperaturi-sa-ne-asteptam\/"},"modified":"2025-02-21T06:47:33","modified_gmt":"2025-02-21T06:47:33","slug":"ultima-saptamana-cu-temperaturi-mai-scazute-decat-normalele-perioadei-vremea-schimba-foaia-din-3-martie-la-ce-temperaturi-sa-ne-asteptam","status":"publish","type":"post","link":"https:\/\/247stiri.ro\/index.php\/2025\/02\/21\/ultima-saptamana-cu-temperaturi-mai-scazute-decat-normalele-perioadei-vremea-schimba-foaia-din-3-martie-la-ce-temperaturi-sa-ne-asteptam\/","title":{"rendered":"Ultima s\u0103pt\u0103m\u00e2n\u0103 cu temperaturi mai SC\u0102ZUTE dec\u00e2t normalele perioadei. Vremea schimb\u0103 foaia din 3 martie: la ce TEMPERATURI s\u0103 ne a\u0219tept\u0103m"},"content":{"rendered":"<p>S\u0103pt\u0103m\u00e2na 24.02.2025 \u2013 03.03.2025<\/p>\n<p>Valorile termice vor fi mai cobor\u00e2te dec\u00e2t cele specifice pentru aceast\u0103 s\u0103pt\u0103m\u00e2n\u0103 \u00een regiunile sudice, dar \u015fi u\u015for mai ridicate \u00een cele nordice \u015fi centrale, iar \u00een rest vor fi \u00een general apropiate de cele normale.<\/p>\n<p>Regimul pluviometric va fi u\u015for deficitar \u00een regiunile sudice \u015fi sudestice, iar \u00een rest se va situa \u00een jurul celui normal pentru acest interval.<\/p>\n<p>S\u0103pt\u0103m\u00e2na 03.03.2025 \u2013 10.03.2025<\/p>\n<p>Temperaturile medii vor fi mai ridicate dec\u00e2t cele normale pentru aceast\u0103 perioad\u0103 la nivelul \u00eentregii \u0163\u0103ri, cu o abatere termic\u0103 pozitiv\u0103 u\u015for mai accentuat\u0103 \u00een regiunile nordice.<\/p>\n<p>Cantit\u0103\u0163ile de precipita\u0163ii vor fi u\u015for deficitare \u00een regiunile extracarpatice, dar mai ales \u00een cele sudice \u015fi sud-estice, iar \u00een rest vor fi \u00een general apropiate de cele normale pentru acest interval.<\/p>\n<p>S\u0103pt\u0103m\u00e2na 10.03.2025 \u2013 17.03.2025<\/p>\n<p>Temperatura medie a aerului va avea valori mai ridicate dec\u00e2t cele normale pentru aceast\u0103 perioad\u0103 \u00een toate regiunile.<\/p>\n<p>Regimul pluviometric estimat pentru acest interval va avea o tendin\u0163\u0103 u\u015for deficitar\u0103 \u00een cea mai mare parte a \u0163\u0103rii.<\/p>\n<p>S\u0103pt\u0103m\u00e2na 17.03.2025 \u2013 24.03.2025<\/p>\n<p>Mediile valorilor termice se vor situa u\u015for peste cele specifice pentru aceast\u0103 s\u0103pt\u0103m\u00e2n\u0103 pe \u00eentreg teritoriul Rom\u00e2niei, dar mai ales \u00een regiunile nord-vestice.<\/p>\n<p>Cantit\u0103\u0163ile de precipita\u0163ii vor fi apropiate de cele normale pentru aceast\u0103 perioad\u0103 \u00een toate regiunile.<\/p>","protected":false},"excerpt":{"rendered":"<p>S\u0103pt\u0103m\u00e2na 24.02.2025 \u2013 03.03.2025 Valorile termice vor fi mai cobor\u00e2te dec\u00e2t cele specifice pentru aceast\u0103&hellip;<\/p>\n","protected":false},"author":0,"featured_media":33466,"comment_status":"open","ping_status":"open","sticky":false,"template":"","format":"standard","meta":{"footnotes":""},"categories":[2],"tags":[],"class_list":["post-33465","post","type-post","status-publish","format-standard","has-post-thumbnail","hentry","category-actual"],"_links":{"self":[{"href":"https:\/\/247stiri.ro\/index.php\/wp-json\/wp\/v2\/posts\/33465","targetHints":{"allow":["GET"]}}],"collection":[{"href":"https:\/\/247stiri.ro\/index.php\/wp-json\/wp\/v2\/posts"}],"about":[{"href":"https:\/\/247stiri.ro\/index.php\/wp-json\/wp\/v2\/types\/post"}],"replies":[{"embeddable":true,"href":"https:\/\/247stiri.ro\/index.php\/wp-json\/wp\/v2\/comments?post=33465"}],"version-history":[{"count":0,"href":"https:\/\/247stiri.ro\/index.php\/wp-json\/wp\/v2\/posts\/33465\/revisions"}],"wp:featuredmedia":[{"embeddable":true,"href":"https:\/\/247stiri.ro\/index.php\/wp-json\/wp\/v2\/media\/33466"}],"wp:attachment":[{"href":"https:\/\/247stiri.ro\/index.php\/wp-json\/wp\/v2\/media?parent=33465"}],"wp:term":[{"taxonomy":"category","embeddable":true,"href":"https:\/\/247stiri.ro\/index.php\/wp-json\/wp\/v2\/categories?post=33465"},{"taxonomy":"post_tag","embeddable":true,"href":"https:\/\/247stiri.ro\/index.php\/wp-json\/wp\/v2\/tags?post=33465"}],"curies":[{"name":"wp","href":"https:\/\/api.w.org\/{rel}","templated":true}]}}