{"id":33497,"date":"2025-02-21T08:45:41","date_gmt":"2025-02-21T08:45:41","guid":{"rendered":"https:\/\/247stiri.ro\/index.php\/2025\/02\/21\/laura-vicol-critica-derapajele-din-spatiul-public-la-adresa-familiilor-politicienilor-sa-dai-in-parinti-si-copii-oameni-care-nu-au-nicio-vina-asta-e-gunoiul-absolut-al-opiniei-publice\/"},"modified":"2025-02-21T08:45:41","modified_gmt":"2025-02-21T08:45:41","slug":"laura-vicol-critica-derapajele-din-spatiul-public-la-adresa-familiilor-politicienilor-sa-dai-in-parinti-si-copii-oameni-care-nu-au-nicio-vina-asta-e-gunoiul-absolut-al-opiniei-publice","status":"publish","type":"post","link":"https:\/\/247stiri.ro\/index.php\/2025\/02\/21\/laura-vicol-critica-derapajele-din-spatiul-public-la-adresa-familiilor-politicienilor-sa-dai-in-parinti-si-copii-oameni-care-nu-au-nicio-vina-asta-e-gunoiul-absolut-al-opiniei-publice\/","title":{"rendered":"Laura Vicol critic\u0103 derapajele din spa\u021biul public la adresa familiilor politicienilor: S\u0103 dai \u00een p\u0103rin\u021bi \u0219i copii, oameni care nu au nicio vin\u0103, asta e gunoiul absolut al \u201eopiniei publice!\u201d"},"content":{"rendered":"<p>\u00cen postarea sa, Vicol a subliniat c\u0103, de\u0219i criticile la adresa politicienilor \u0219i a celor care se expun public sunt parte integrant\u0103 a democra\u021biei, atacurile la adresa familiilor acestora dep\u0103\u0219esc limitele acceptabile. Ea a subliniat c\u0103 astfel de ac\u021biuni nu constituie o form\u0103 de justi\u021bie social\u0103, ci o dovad\u0103 de sl\u0103biciune \u0219i lips\u0103 de caracter.<\/p>\n<p>Fosta \u0219ef\u0103 a Comisiei Juridice a punctat c\u0103, \u00een loc s\u0103 se concentreze pe argumente \u0219i dezbateri constructive, unii prefer\u0103 s\u0103 loveasc\u0103 acolo unde doare cel mai tare, recurg\u00e2nd la atacuri murdare. Vicol a \u00eencurajat un comportament mai civilizat \u00een discu\u021biile publice, subliniind importan\u021ba respectului fa\u021b\u0103 de cei care nu au nicio vin\u0103 \u00een conflictele politice.<\/p>\n<p>\u201eNumai la\u0219ii atac\u0103 familii!V-a\u021bi luat de copilul meu \u0219i a\u021bi min\u021bit cu non\u0219alan\u021b\u0103, f\u0103r\u0103 s\u0103 v\u0103 pese de adev\u0103r! M-a\u021bi pus la zid c\u00e2nd v-am b\u0103tut obrazul c\u0103 i-a\u021bi denigrat mama lui CG. Azi am v\u0103zut post\u0103ri despre copilul lui Simion.Critic\u0103, judec\u0103, dezbate \u2013 e dreptul t\u0103u. Dar c\u00e2nd \u00ee\u021bi ver\u0219i frustr\u0103rile pe familiile celor din spa\u021biul public, nu mai e\u0219ti nici justi\u021biar, nici om cu principii. E\u0219ti doar un la\u0219.S\u0103 ataci un politician, un jurnalist, un artist sau pe oricine are curajul s\u0103 se expun\u0103 public e una. Dar s\u0103 dai \u00een p\u0103rin\u021bi \u0219i copii, oameni care nu au nicio vin\u0103, asta e gunoiul absolut al \u201eopiniei publice\u201d . E dovada suprem\u0103 de sl\u0103biciune, de lips\u0103 de caracter.Dac\u0103 ai ceva de spus, spune-i direct celui vizat! Ai ceva de demonstrat? F\u0103-o prin argumente, nu prin atacuri murdare. Dar \u0219tii de ce nu o faci? Pentru c\u0103 nu ai argumente. Pentru c\u0103 e mai u\u0219or s\u0103 love\u0219ti acolo unde doare mai tare. Pentru c\u0103 e\u0219ti o lepr\u0103!Doar la\u0219ii \u0219i oamenii f\u0103r\u0103 coloan\u0103 vertebral\u0103 recurg la astfel de mizerii. A\u0219a c\u0103, \u00eenainte s\u0103 scuipi venin spre cineva care nu \u021bi-a gre\u0219it cu nimic, \u00eentreab\u0103-te: c\u00e2t de jos ai ajuns?Nici CG \u0219i nici Simion nu au nevoie de ajutorul meu, sunt mari, s\u0103 se descurce. Cu politica am \u00eenchis, deci s\u0103 nu ave\u021bi iar tupeul s\u0103 \u00eemi interpreta\u021bi vorbele, nu vreau nimic de la nimeni.\u00cen rest, fi\u021bi oameni. E gratis\u201d, a scrcis Laura Vicol pe pagina sa de socializare.\u00a0<a title=\"Laura Vicol revine in avocatura\" href=\"https:\/\/www.realitatea.net\/stiri\/politica\/laura-vicol-revine-in-avocatura_67b70444f055071e645e7c22\">Laura Vicol revine \u00een avocatur\u0103<\/a><\/p>","protected":false},"excerpt":{"rendered":"<p>\u00cen postarea sa, Vicol a subliniat c\u0103, de\u0219i criticile la adresa politicienilor \u0219i a celor&hellip;<\/p>\n","protected":false},"author":0,"featured_media":33498,"comment_status":"open","ping_status":"open","sticky":false,"template":"","format":"standard","meta":{"footnotes":""},"categories":[2],"tags":[],"class_list":["post-33497","post","type-post","status-publish","format-standard","has-post-thumbnail","hentry","category-actual"],"_links":{"self":[{"href":"https:\/\/247stiri.ro\/index.php\/wp-json\/wp\/v2\/posts\/33497","targetHints":{"allow":["GET"]}}],"collection":[{"href":"https:\/\/247stiri.ro\/index.php\/wp-json\/wp\/v2\/posts"}],"about":[{"href":"https:\/\/247stiri.ro\/index.php\/wp-json\/wp\/v2\/types\/post"}],"replies":[{"embeddable":true,"href":"https:\/\/247stiri.ro\/index.php\/wp-json\/wp\/v2\/comments?post=33497"}],"version-history":[{"count":0,"href":"https:\/\/247stiri.ro\/index.php\/wp-json\/wp\/v2\/posts\/33497\/revisions"}],"wp:featuredmedia":[{"embeddable":true,"href":"https:\/\/247stiri.ro\/index.php\/wp-json\/wp\/v2\/media\/33498"}],"wp:attachment":[{"href":"https:\/\/247stiri.ro\/index.php\/wp-json\/wp\/v2\/media?parent=33497"}],"wp:term":[{"taxonomy":"category","embeddable":true,"href":"https:\/\/247stiri.ro\/index.php\/wp-json\/wp\/v2\/categories?post=33497"},{"taxonomy":"post_tag","embeddable":true,"href":"https:\/\/247stiri.ro\/index.php\/wp-json\/wp\/v2\/tags?post=33497"}],"curies":[{"name":"wp","href":"https:\/\/api.w.org\/{rel}","templated":true}]}}