{"id":33503,"date":"2025-02-21T08:45:43","date_gmt":"2025-02-21T08:45:43","guid":{"rendered":"https:\/\/247stiri.ro\/index.php\/2025\/02\/21\/accident-feroviar-olt-patru-vagoane-ridicate-si-retrase-de-pe-linia-curent-circulatia-trenurilor-este-in-continuare-restrictionata\/"},"modified":"2025-02-21T08:45:43","modified_gmt":"2025-02-21T08:45:43","slug":"accident-feroviar-olt-patru-vagoane-ridicate-si-retrase-de-pe-linia-curent-circulatia-trenurilor-este-in-continuare-restrictionata","status":"publish","type":"post","link":"https:\/\/247stiri.ro\/index.php\/2025\/02\/21\/accident-feroviar-olt-patru-vagoane-ridicate-si-retrase-de-pe-linia-curent-circulatia-trenurilor-este-in-continuare-restrictionata\/","title":{"rendered":"Accident feroviar Olt. Patru vagoane, ridicate \u0219i retrase de pe linia curent: circula\u021bia trenurilor este \u00een continuare RESTRIC\u021aIONAT\u0102"},"content":{"rendered":"<p>\u201dLucr\u0103rile de interven\u0163ie \u00een zona deraierii de pe sec\u0163ia Mih\u0103e\u015fti \u2013 Radomire\u015fti avanseaz\u0103 \u00eentr-un ritm sus\u0163inut, datorit\u0103 implic\u0103rii exemplare a echipelor Sucursalei Regionale de C\u0103i Ferate Craiova. P\u00e2n\u0103 la aceast\u0103 or\u0103, au fost ridicate \u015fi retrase din linia curent\u0103 patru vagoane \u2013 trei apar\u0163in\u00e2nd operatorului Rail Cargo Carrier Rom\u00e2nia \u015fi unul al operatorului PIMK Rail \u2013 precum \u015fi locomotiva deraiat\u0103 a PIMK Rail\u201d, informeaz\u0103 CFR, vineri diminea\u021b\u0103.<\/p>\n<p><a href=\"https:\/\/www.realitatea.net\/stiri\/actual\/grav-accident-feroviar-in-olt-doua-macarale-de-mare-tonaj-vor-ridica-locomotiva-si-vagoanele-deraiate_67b6134a48a22d7002447835\" target=\"_blank\">Grav accident feroviar \u00een Olt. Dou\u0103 macarale de mare tonaj vor ridica locomotiva \u015fi vagoanele deraiate<\/a><\/p>\n<p>\u00cen acest moment, echipele desf\u0103\u015foar\u0103 opera\u0163iuni de t\u0103iere a ultimului vagon r\u0103mas \u00een linia curent\u0103, preg\u0103tindu-l pentru ridicare.\u00cen paralel, sunt \u00een curs de desf\u0103\u015furare lucr\u0103rile de refacere a liniei de cale ferat\u0103 afectate pe firul II.<\/p>\n<p>Dup\u0103 finalizarea acestora, se va trece la montarea unui nou st\u00e2lp \u015fi la reinstalarea liniei de contact.<\/p>\n<p><a href=\"https:\/\/www.realitatea.net\/stiri\/actual\/haos-pe-calea-ferata-mai-multe-trenuri-au-fost-anulate-dupa-inchiderea-circulatiei-pe-sectia-rosiori-nordcaracal_67b6f41b82b1666fd074ef42\" target=\"_blank\">Haos pe calea ferat\u0103. Mai multe trenuri au fost anulate, dup\u0103 \u00eenchiderea circula\u021biei pe sec\u021bia Ro\u0219iori Nord-Caracal<\/a><\/p>\n<p>Dou\u0103 trenuri private de marf\u0103 au fost implicate, miercuri diminea\u0163\u0103, \u00eentr-un accident feroviar, la ie\u015firea din sta\u0163ia CFR Mih\u0103e\u015fti spre Caracal, jud.Olt. \u015eeful unuia dintre trenuri, grav r\u0103nit \u00een urma accidentului, a decedat.<\/p>\n<p>Accidentul a ajuns \u00een aten\u021bia Agentiei de Investigare Feroviar\u0103 Rom\u00e2n\u0103, care investigheaz\u0103 cazul.\u00a0<\/p>\n<p>\u00a0<\/p>","protected":false},"excerpt":{"rendered":"<p>\u201dLucr\u0103rile de interven\u0163ie \u00een zona deraierii de pe sec\u0163ia Mih\u0103e\u015fti \u2013 Radomire\u015fti avanseaz\u0103 \u00eentr-un ritm&hellip;<\/p>\n","protected":false},"author":0,"featured_media":33504,"comment_status":"open","ping_status":"open","sticky":false,"template":"","format":"standard","meta":{"footnotes":""},"categories":[2],"tags":[],"class_list":["post-33503","post","type-post","status-publish","format-standard","has-post-thumbnail","hentry","category-actual"],"_links":{"self":[{"href":"https:\/\/247stiri.ro\/index.php\/wp-json\/wp\/v2\/posts\/33503","targetHints":{"allow":["GET"]}}],"collection":[{"href":"https:\/\/247stiri.ro\/index.php\/wp-json\/wp\/v2\/posts"}],"about":[{"href":"https:\/\/247stiri.ro\/index.php\/wp-json\/wp\/v2\/types\/post"}],"replies":[{"embeddable":true,"href":"https:\/\/247stiri.ro\/index.php\/wp-json\/wp\/v2\/comments?post=33503"}],"version-history":[{"count":0,"href":"https:\/\/247stiri.ro\/index.php\/wp-json\/wp\/v2\/posts\/33503\/revisions"}],"wp:featuredmedia":[{"embeddable":true,"href":"https:\/\/247stiri.ro\/index.php\/wp-json\/wp\/v2\/media\/33504"}],"wp:attachment":[{"href":"https:\/\/247stiri.ro\/index.php\/wp-json\/wp\/v2\/media?parent=33503"}],"wp:term":[{"taxonomy":"category","embeddable":true,"href":"https:\/\/247stiri.ro\/index.php\/wp-json\/wp\/v2\/categories?post=33503"},{"taxonomy":"post_tag","embeddable":true,"href":"https:\/\/247stiri.ro\/index.php\/wp-json\/wp\/v2\/tags?post=33503"}],"curies":[{"name":"wp","href":"https:\/\/api.w.org\/{rel}","templated":true}]}}