{"id":33514,"date":"2025-02-21T09:46:11","date_gmt":"2025-02-21T09:46:11","guid":{"rendered":"https:\/\/247stiri.ro\/index.php\/2025\/02\/21\/bomba-zilei-becali-ar-putea-candida-la-prezidentiale-cum-vrea-sa-detoneze-miscarea-suveranista\/"},"modified":"2025-02-21T09:46:11","modified_gmt":"2025-02-21T09:46:11","slug":"bomba-zilei-becali-ar-putea-candida-la-prezidentiale-cum-vrea-sa-detoneze-miscarea-suveranista","status":"publish","type":"post","link":"https:\/\/247stiri.ro\/index.php\/2025\/02\/21\/bomba-zilei-becali-ar-putea-candida-la-prezidentiale-cum-vrea-sa-detoneze-miscarea-suveranista\/","title":{"rendered":"Bomba zilei! Becali ar putea candida la PREZIDEN\u021aIALE. Cum vrea s\u0103 detoneze mi\u0219carea suveranist\u0103"},"content":{"rendered":"<p>Vorbim despre un mesaj \u0219ocant, \u00een contextul \u00een care liderul AUR a anun\u021bat de mai multe ori c\u0103 va respecta decizia poporului \u0219i c\u0103 \u00eel sus\u021bine pe C\u0103lin Georgescu la alegerile preziden\u021biale. Ba mai mult, cei de la AUR au \u00eenceput deja s\u0103 str\u00e2ng\u0103 semn\u0103turi pentru candidatura lui Georgescu. P\u00e2n\u0103 pe data de 22 februarie ar urma s\u0103 fac\u0103 acest lucru \u0219i iat\u0103 acum vine acest anun\u021b din partea lui Gigi Becali, care spune c\u0103 s-ar \u00eenscrie el \u00een curs\u0103, independent, dac\u0103 George Simion nu vrea s\u0103 fac\u0103 acest lucru.\u00a0<\/p>\n<p>\u00cen trecut, Gigi Becali a mai pus astfel de presiuni \u0219i a f\u0103cut astfel de declara\u021bii \u00een care spunea c\u0103 liderul AUR ar trebui s\u0103-\u0219i anun\u021be candidatura.\u00a0Liderul AUR a refuzat \u00eens\u0103 \u00een repetate r\u00e2nduri.\u00a0<\/p>\n<p>\u00a0<\/p>","protected":false},"excerpt":{"rendered":"<p>Vorbim despre un mesaj \u0219ocant, \u00een contextul \u00een care liderul AUR a anun\u021bat de mai&hellip;<\/p>\n","protected":false},"author":0,"featured_media":33515,"comment_status":"open","ping_status":"open","sticky":false,"template":"","format":"standard","meta":{"footnotes":""},"categories":[3],"tags":[],"class_list":["post-33514","post","type-post","status-publish","format-standard","has-post-thumbnail","hentry","category-politica"],"_links":{"self":[{"href":"https:\/\/247stiri.ro\/index.php\/wp-json\/wp\/v2\/posts\/33514","targetHints":{"allow":["GET"]}}],"collection":[{"href":"https:\/\/247stiri.ro\/index.php\/wp-json\/wp\/v2\/posts"}],"about":[{"href":"https:\/\/247stiri.ro\/index.php\/wp-json\/wp\/v2\/types\/post"}],"replies":[{"embeddable":true,"href":"https:\/\/247stiri.ro\/index.php\/wp-json\/wp\/v2\/comments?post=33514"}],"version-history":[{"count":0,"href":"https:\/\/247stiri.ro\/index.php\/wp-json\/wp\/v2\/posts\/33514\/revisions"}],"wp:featuredmedia":[{"embeddable":true,"href":"https:\/\/247stiri.ro\/index.php\/wp-json\/wp\/v2\/media\/33515"}],"wp:attachment":[{"href":"https:\/\/247stiri.ro\/index.php\/wp-json\/wp\/v2\/media?parent=33514"}],"wp:term":[{"taxonomy":"category","embeddable":true,"href":"https:\/\/247stiri.ro\/index.php\/wp-json\/wp\/v2\/categories?post=33514"},{"taxonomy":"post_tag","embeddable":true,"href":"https:\/\/247stiri.ro\/index.php\/wp-json\/wp\/v2\/tags?post=33514"}],"curies":[{"name":"wp","href":"https:\/\/api.w.org\/{rel}","templated":true}]}}