{"id":33523,"date":"2025-02-21T09:46:14","date_gmt":"2025-02-21T09:46:14","guid":{"rendered":"https:\/\/247stiri.ro\/index.php\/2025\/02\/21\/cand-romanii-strang-cureaua-deputatii-achizitioneaza-servicii-de-transport-aerian-pe-rutele-interne-si-de-reparatii-autovehicule-la-preturi-fabuloase\/"},"modified":"2025-02-21T09:46:14","modified_gmt":"2025-02-21T09:46:14","slug":"cand-romanii-strang-cureaua-deputatii-achizitioneaza-servicii-de-transport-aerian-pe-rutele-interne-si-de-reparatii-autovehicule-la-preturi-fabuloase","status":"publish","type":"post","link":"https:\/\/247stiri.ro\/index.php\/2025\/02\/21\/cand-romanii-strang-cureaua-deputatii-achizitioneaza-servicii-de-transport-aerian-pe-rutele-interne-si-de-reparatii-autovehicule-la-preturi-fabuloase\/","title":{"rendered":"C\u00e2nd rom\u00e2nii str\u00e2ng cureaua, deputa\u021bii achizi\u021bioneaz\u0103 servicii de transport aerian pe rutele interne \u0219i de repara\u021bii autovehicule la pre\u021buri fabuloase"},"content":{"rendered":"<p>Conform site-ului e-licitatie.ro, contractul privind transportul aerian se va \u00eencheia pe perioada mai &#8211; decembrie 2025, cu posibilitatea de prelungire p\u00e2n\u0103 la sf\u00e2r\u0219itul lui aprilie 2026, pentru rutele cu plecare din Bucure\u0219ti spre Baia Mare, Cluj Napoca, Ia\u0219i, Oradea, Satu Mare, Suceava, Timi\u0219oara \u0219i retur.Valoarea total\u0103 estimat\u0103 a contractului este \u00eentre 2.957.036,97 lei \u0219i 4.435.556,30 lei, f\u0103r\u0103 TVA.Valoarea minima estimat\u0103 este pentru perioada mai &#8211; decembrie 2025, iar cea maxim\u0103 con\u021bine \u0219i valoarea posibilelor supliment\u0103ri p\u00e2n\u0103 la 30 aprilie 2026.<\/p>\n<p><a title='Unda verde la angajari in Parlament inainte de concedierile prevazute in Ordonanta \"trenulet\"' href=\"https:\/\/www.realitatea.net\/stiri\/ultimele-stiri\/unda-verde-la-angajari-in-parlament-inainte-de-concedierile-prevazute-in-ordonanta-trenulet_679c96744b23bd0c60513c23\">Und\u0103 verde la angaj\u0103ri \u00een Parlament \u00eenainte de concedierile prev\u0103zute \u00een Ordonan\u021ba &#8222;trenule\u021b&#8221;<\/a>Modalitatea de atribuire a contractului este online, prin licita\u021bie deschis\u0103.Termenul limit\u0103 de depunere a ofertelor este 11 martie.De asemenea, Camera Deputa\u021bilor achizi\u021bioneaz\u0103 servicii de revizii tehnice, \u00eentre\u021binere \u0219i repara\u021bii a autovehiculelor din parcul auto al institu\u021biei: Audi, BMW, Volkswagen \u0219i Mercedes. Perioada contractului este mai &#8211; decembrie 2025, cu posibilitatea de prelungire p\u00e2n\u0103 la sf\u00e2r\u0219itul lui aprilie 2026.Valoarea total\u0103 estimat\u0103 a contractului este \u00eentre 660.924,36 lei \u0219i 991.386,55 lei, f\u0103r\u0103 TVA. Valoarea minima estimat\u0103 se refer\u0103 la perioada de p\u00e2n\u0103 la 31 decembrie 2025, iar cea maxim\u0103 estimat\u0103 con\u021bine \u0219i valoarea posibilelor supliment\u0103ri p\u00e2n\u0103 la 30 aprilie 2026, scrie Agerpres.Termenul limit\u0103 de depunere a ofertelor este 4 martie.Camera Deputa\u021bilor dore\u0219te s\u0103 \u00eencheie \u0219i un contract de execu\u021bie a lucr\u0103rilor de repara\u021bii generale \u0219i de renovare \u00een spa\u021bii reprezentative din Palatul Parlamentului.Valoarea total\u0103 estimat\u0103 a contractului este de 1.811.432 lei.Modalitatea de atribuire a contractului este online, \u00een procedur\u0103 simplificat\u0103, pe criteriul pre\u021bului cel mai sc\u0103zut.Termenul limit\u0103 pentru primirea ofertelor sau a cererilor de participare este 26 februarie.<\/p>\n<p><a title=\"Saptamana de foc in Parlament. Senatorii si deputatii, convocati in prima sesiune ordinara din acest an: cand va fi adoptat bugetul pe 2025\" href=\"https:\/\/www.realitatea.net\/stiri\/politica\/saptamana-de-foc-in-parlament-senatorii-si-deputatii-convocati-in-prima-sesiune-ordinara-din-acest-an-cand-va-fi-adoptat-bugetul-pe-2025_67a054264f01982ff7501b13\">S\u0103pt\u0103m\u00e2n\u0103 de foc \u00een Parlament. Senatorii \u0219i deputa\u021bii, convoca\u021bi \u00een prima sesiune ordinar\u0103 din acest an: c\u00e2nd va fi adoptat bugetul pe 2025<\/a>\u00a0<\/p>","protected":false},"excerpt":{"rendered":"<p>Conform site-ului e-licitatie.ro, contractul privind transportul aerian se va \u00eencheia pe perioada mai &#8211; decembrie&hellip;<\/p>\n","protected":false},"author":0,"featured_media":33517,"comment_status":"open","ping_status":"open","sticky":false,"template":"","format":"standard","meta":{"footnotes":""},"categories":[2],"tags":[],"class_list":["post-33523","post","type-post","status-publish","format-standard","has-post-thumbnail","hentry","category-actual"],"_links":{"self":[{"href":"https:\/\/247stiri.ro\/index.php\/wp-json\/wp\/v2\/posts\/33523","targetHints":{"allow":["GET"]}}],"collection":[{"href":"https:\/\/247stiri.ro\/index.php\/wp-json\/wp\/v2\/posts"}],"about":[{"href":"https:\/\/247stiri.ro\/index.php\/wp-json\/wp\/v2\/types\/post"}],"replies":[{"embeddable":true,"href":"https:\/\/247stiri.ro\/index.php\/wp-json\/wp\/v2\/comments?post=33523"}],"version-history":[{"count":0,"href":"https:\/\/247stiri.ro\/index.php\/wp-json\/wp\/v2\/posts\/33523\/revisions"}],"wp:featuredmedia":[{"embeddable":true,"href":"https:\/\/247stiri.ro\/index.php\/wp-json\/wp\/v2\/media\/33517"}],"wp:attachment":[{"href":"https:\/\/247stiri.ro\/index.php\/wp-json\/wp\/v2\/media?parent=33523"}],"wp:term":[{"taxonomy":"category","embeddable":true,"href":"https:\/\/247stiri.ro\/index.php\/wp-json\/wp\/v2\/categories?post=33523"},{"taxonomy":"post_tag","embeddable":true,"href":"https:\/\/247stiri.ro\/index.php\/wp-json\/wp\/v2\/tags?post=33523"}],"curies":[{"name":"wp","href":"https:\/\/api.w.org\/{rel}","templated":true}]}}