{"id":33524,"date":"2025-02-21T09:46:14","date_gmt":"2025-02-21T09:46:14","guid":{"rendered":"https:\/\/247stiri.ro\/index.php\/2025\/02\/21\/se-cutremura-vaticanul-din-temelii-profetia-lui-nostradamus-si-viitorul-bisericii-catolice-ce-se-va-intampla-cu-papa-francisc\/"},"modified":"2025-02-21T09:46:14","modified_gmt":"2025-02-21T09:46:14","slug":"se-cutremura-vaticanul-din-temelii-profetia-lui-nostradamus-si-viitorul-bisericii-catolice-ce-se-va-intampla-cu-papa-francisc","status":"publish","type":"post","link":"https:\/\/247stiri.ro\/index.php\/2025\/02\/21\/se-cutremura-vaticanul-din-temelii-profetia-lui-nostradamus-si-viitorul-bisericii-catolice-ce-se-va-intampla-cu-papa-francisc\/","title":{"rendered":"Se cutremur\u0103 Vaticanul din temelii: Profe\u021bia lui Nostradamus \u0219i viitorul Bisericii Catolice. Ce se va \u00eent\u00e2mpla cu Papa Francisc"},"content":{"rendered":"<p>Vaticanul \u00een alert\u0103: Profe\u021bia care anun\u021b\u0103 schimb\u0103ri majore<\/p>\n<p>O scriere veche sugereaz\u0103 c\u0103 moartea unui pontif b\u0103tr\u00e2n ar putea marca sf\u00e2r\u0219itul unei ere pentru Biserica Catolic\u0103. \u00cen cartea sa Profe\u021biile, Nostradamus a men\u021bionat: \u201ePrin moartea unui pontif foarte b\u0103tr\u00e2n, va fi ales un roman de v\u00e2rst\u0103 bun\u0103, despre el se va spune c\u0103 \u00ee\u0219i sl\u0103be\u0219te scaunul, dar mult\u0103 vreme va fi a\u0219ezat \u0219i \u00een activitate mordant\u0103.\u201d<\/p>\n<p>Av\u00e2nd \u00een vedere c\u0103 <a href=\"https:\/\/www.realitatea.net\/stiri\/actual\/ce-spune-vaticanul-despre-starea-de-sanatate-a-lui-papa-francisc-au-fost-dezmintite-zvonurile-referitoare-la-pregatirile-funerare-ale-suveranului_67b6e2b91effff4c0509f5a2\" target=\"_blank\">Papa Francisc<\/a> are 88 de ani \u0219i se confrunt\u0103 cu probleme grave de s\u0103n\u0103tate, mul\u021bi cred c\u0103 aceast\u0103 descriere i se potrive\u0219te. Recent, Vaticanul a confirmat c\u0103 Suveranul Pontif sufer\u0103 de pneumonie bilateral\u0103, o afec\u021biune grav\u0103 care necesit\u0103 tratament intensiv.<\/p>\n<p>Interpret\u0103rile profe\u021biei lansate de Nostradamus<\/p>\n<p>Nostradamus nu s-a limitat la prezicerea mor\u021bii unui pap\u0103, ci a sugerat c\u0103 succesorul acestuia ar putea fi ultimul pontif \u00eenainte de o mare criz\u0103 global\u0103. Unul dintre versetele sale men\u021bioneaz\u0103: \u201ePontiful roman nu va fi ales, nici aproape, nici departe nu i se va acorda aten\u021bie. Un t\u00e2n\u0103r cu pielea \u00eenchis\u0103 la culoare, cu ajutorul marelui rege, va preda punga altuia de culoare ro\u0219ie.\u201d<\/p>\n<p>Unii interpre\u021bi sus\u021bin c\u0103 acest pasaj indic\u0103 o posibil\u0103 schimbare radical\u0103 \u00een Biserica Catolic\u0103 sau chiar un conflict religios de propor\u021bii globale.<\/p>\n<p>Cum se simte Papa Francisc \u00een prezent<\/p>\n<p>Ultimele informa\u021bii de la Vatican arat\u0103 o evolu\u021bie \u00eengrijor\u0103toare a s\u0103n\u0103t\u0103\u021bii Suveranului Pontif. Ini\u021bial diagnosticat cu bron\u0219it\u0103 astmatic\u0103, Papa Francisc a fost ulterior confirmat cu pneumonie bilateral\u0103, necesit\u00e2nd \u00eengrijire medical\u0103 atent\u0103.<\/p>\n<p>Cu toate acestea, liderul Bisericii Catolice a transmis un mesaj de speran\u021b\u0103 credincio\u0219ilor: \u201eApreciez apropierea pe care o simt \u00een aceste momente \u0219i v\u0103 rog, cu inima recunosc\u0103toare, s\u0103 continua\u021bi s\u0103 v\u0103 ruga\u021bi pentru mine.\u201d<\/p>\n<p><a href=\"https:\/\/www.realitatea.net\/stiri\/actual\/papa-francisc-crede-ca-nu-va-supravietui-bronsitei-severe-de-care-sufera_67b420babf1f4a14d9259375\" target=\"_blank\">Alegerea unui nou pap\u0103<\/a> ar putea marca un punct de cotitur\u0103 pentru Biserica Catolic\u0103, iar conform unora dintre interpret\u0103rile lui Nostradamus, acest eveniment ar putea anun\u021ba vremuri dificile. R\u0103m\u00e2ne de v\u0103zut dac\u0103 aceste predic\u021bii se vor adeveri sau vor r\u0103m\u00e2ne doar simple specula\u021bii.<\/p>","protected":false},"excerpt":{"rendered":"<p>Vaticanul \u00een alert\u0103: Profe\u021bia care anun\u021b\u0103 schimb\u0103ri majore O scriere veche sugereaz\u0103 c\u0103 moartea unui&hellip;<\/p>\n","protected":false},"author":0,"featured_media":33525,"comment_status":"open","ping_status":"open","sticky":false,"template":"","format":"standard","meta":{"footnotes":""},"categories":[2],"tags":[],"class_list":["post-33524","post","type-post","status-publish","format-standard","has-post-thumbnail","hentry","category-actual"],"_links":{"self":[{"href":"https:\/\/247stiri.ro\/index.php\/wp-json\/wp\/v2\/posts\/33524","targetHints":{"allow":["GET"]}}],"collection":[{"href":"https:\/\/247stiri.ro\/index.php\/wp-json\/wp\/v2\/posts"}],"about":[{"href":"https:\/\/247stiri.ro\/index.php\/wp-json\/wp\/v2\/types\/post"}],"replies":[{"embeddable":true,"href":"https:\/\/247stiri.ro\/index.php\/wp-json\/wp\/v2\/comments?post=33524"}],"version-history":[{"count":0,"href":"https:\/\/247stiri.ro\/index.php\/wp-json\/wp\/v2\/posts\/33524\/revisions"}],"wp:featuredmedia":[{"embeddable":true,"href":"https:\/\/247stiri.ro\/index.php\/wp-json\/wp\/v2\/media\/33525"}],"wp:attachment":[{"href":"https:\/\/247stiri.ro\/index.php\/wp-json\/wp\/v2\/media?parent=33524"}],"wp:term":[{"taxonomy":"category","embeddable":true,"href":"https:\/\/247stiri.ro\/index.php\/wp-json\/wp\/v2\/categories?post=33524"},{"taxonomy":"post_tag","embeddable":true,"href":"https:\/\/247stiri.ro\/index.php\/wp-json\/wp\/v2\/tags?post=33524"}],"curies":[{"name":"wp","href":"https:\/\/api.w.org\/{rel}","templated":true}]}}